{"id":7919,"date":"2011-06-12T18:00:00","date_gmt":"2011-06-12T16:00:00","guid":{"rendered":""},"modified":"2024-11-12T14:44:27","modified_gmt":"2024-11-12T13:44:27","slug":"un-novo-alcalde-de-ribadeo-video","status":"publish","type":"post","link":"https:\/\/blogs.amarinha.gal\/ribadeando\/2011\/06\/12\/un-novo-alcalde-de-ribadeo-video\/","title":{"rendered":"Un novo alcalde de Ribadeo, v\u00eddeo"},"content":{"rendered":"<p><iframe loading=\"lazy\" allowfullscreen=\"\" frameborder=\"0\" height=\"390\" src=\"http:\/\/www.youtube.com\/embed\/ytiuDyFinO8\" width=\"640\"><\/iframe><\/p>\n<p>Votaci\u00f3n, toma de posesi\u00f3n e discurso de Fernando Su\u00e1rez onte, na s\u00faa segunda investidura como alcalde. Interesante.<\/p>\n","protected":false},"excerpt":{"rendered":"<p>Votaci\u00f3n, toma de posesi\u00f3n e discurso de Fernando Su\u00e1rez onte, na s\u00faa segunda investidura como alcalde. Interesante.<\/p>\n","protected":false},"author":3,"featured_media":0,"comment_status":"open","ping_status":"closed","sticky":false,"template":"","format":"standard","meta":{"activitypub_content_warning":"","activitypub_content_visibility":"","activitypub_max_image_attachments":3,"activitypub_interaction_policy_quote":"anyone","activitypub_status":"federate","footnotes":""},"categories":[1],"tags":[48,133,13],"class_list":["post-7919","post","type-post","status-publish","format-standard","hentry","category-sen-categoria","tag-eleccions","tag-eleccions-2011","tag-politica"],"_links":{"self":[{"href":"https:\/\/blogs.amarinha.gal\/ribadeando\/wp-json\/wp\/v2\/posts\/7919","targetHints":{"allow":["GET"]}}],"collection":[{"href":"https:\/\/blogs.amarinha.gal\/ribadeando\/wp-json\/wp\/v2\/posts"}],"about":[{"href":"https:\/\/blogs.amarinha.gal\/ribadeando\/wp-json\/wp\/v2\/types\/post"}],"author":[{"embeddable":true,"href":"https:\/\/blogs.amarinha.gal\/ribadeando\/wp-json\/wp\/v2\/users\/3"}],"replies":[{"embeddable":true,"href":"https:\/\/blogs.amarinha.gal\/ribadeando\/wp-json\/wp\/v2\/comments?post=7919"}],"version-history":[{"count":0,"href":"https:\/\/blogs.amarinha.gal\/ribadeando\/wp-json\/wp\/v2\/posts\/7919\/revisions"}],"wp:attachment":[{"href":"https:\/\/blogs.amarinha.gal\/ribadeando\/wp-json\/wp\/v2\/media?parent=7919"}],"wp:term":[{"taxonomy":"category","embeddable":true,"href":"https:\/\/blogs.amarinha.gal\/ribadeando\/wp-json\/wp\/v2\/categories?post=7919"},{"taxonomy":"post_tag","embeddable":true,"href":"https:\/\/blogs.amarinha.gal\/ribadeando\/wp-json\/wp\/v2\/tags?post=7919"}],"curies":[{"name":"wp","href":"https:\/\/api.w.org\/{rel}","templated":true}]}}