{"id":7918,"date":"2011-06-13T00:01:00","date_gmt":"2011-06-12T22:01:00","guid":{"rendered":""},"modified":"2024-11-12T14:44:25","modified_gmt":"2024-11-12T13:44:25","slug":"19-de-xuno-en-ribadeo","status":"publish","type":"post","link":"https:\/\/blogs.amarinha.gal\/ribadeando\/2011\/06\/13\/19-de-xuno-en-ribadeo\/","title":{"rendered":"19 de xu\u00f1o, en Ribadeo"},"content":{"rendered":"<table cellpadding=\"0\" cellspacing=\"0\" class=\"tr-caption-container\" style=\"float: right; margin-left: 1em; text-align: right;\">\n<tbody>\n<tr>\n<td style=\"text-align: center;\"><a href=\"https:\/\/blogger.googleusercontent.com\/img\/b\/R29vZ2xl\/AVvXsEjkvO-moo4qwQh1ObhvH9rzwxWo7oiR5uYAZ-W3zGC-KyLswtobuFibur9bPrJIQRoOUlky71zXVWfagCnluUUWGJm0fTzyZxdHjGEniil4ESq_qHHZT-TPNqM0Idh0-YZjFDpoDw\/s2048\/Toma+la+calle.jpg\" imageanchor=\"1\" style=\"clear: right; margin-bottom: 1em; margin-left: auto; margin-right: auto;\"><img loading=\"lazy\" decoding=\"async\" height=\"320\" src=\"https:\/\/blogger.googleusercontent.com\/img\/b\/R29vZ2xl\/AVvXsEjkvO-moo4qwQh1ObhvH9rzwxWo7oiR5uYAZ-W3zGC-KyLswtobuFibur9bPrJIQRoOUlky71zXVWfagCnluUUWGJm0fTzyZxdHjGEniil4ESq_qHHZT-TPNqM0Idh0-YZjFDpoDw\/s2048\/Toma+la+calle.jpg\" width=\"226\" \/><\/a><\/td>\n<\/tr>\n<tr>\n<td class=\"tr-caption\" style=\"text-align: center;\">Cartel ampliable<\/td>\n<\/tr>\n<\/tbody>\n<\/table>\n<p>Nota breve: ser\u00e1 aqu\u00ed, diante do concello, o pr\u00f3ximo fin de semana (\u00e1s 12 da ma\u00f1\u00e1 o 19), a Asamblea cidad\u00e1, <a href=\"http:\/\/ribadeando.blogspot.com\/2011\/06\/asamblea-cidada-da-marina-e-occidente.html\">en marcha polo occidente asturiano<\/a> e a mari\u00f1a lucense. Pola tarde, en Lugo, xuntanza xeral\/manifestaci\u00f3n.<\/p>\n<p>Despois da constituci\u00f3n do concello, <a href=\"http:\/\/ribadeando.blogspot.com\/2011\/06\/parte-de-algo-mais-longo.html\">Fernando recibiu unha mensaxe<\/a> aportada por un grupo de participantes na asamblea anterior. <\/p>\n<p>Unha nota <a href=\"http:\/\/feedproxy.google.com\/%7Er\/ElBlogDeEnriqueDans\/%7E3\/0VQz-UjPJ2o\/gracias-acampadas.html\">sobre a acampada de Sol e o seu desmantelamento<\/a>.<\/p>\n","protected":false},"excerpt":{"rendered":"<p>Cartel ampliable Nota breve: ser\u00e1 aqu\u00ed, diante do concello, o pr\u00f3ximo fin de semana (\u00e1s 12 da ma\u00f1\u00e1 o 19), a Asamblea cidad\u00e1, en marcha polo occidente asturiano e a mari\u00f1a lucense. Pola tarde, en Lugo, xuntanza xeral\/manifestaci\u00f3n. Despois da constituci\u00f3n do concello, Fernando recibiu unha mensaxe aportada por un grupo de participantes na asamblea [&hellip;]<\/p>\n","protected":false},"author":3,"featured_media":0,"comment_status":"open","ping_status":"closed","sticky":false,"template":"","format":"standard","meta":{"activitypub_content_warning":"","activitypub_content_visibility":"","activitypub_max_image_attachments":3,"activitypub_interaction_policy_quote":"anyone","activitypub_status":"federate","footnotes":""},"categories":[1],"tags":[102,9],"class_list":["post-7918","post","type-post","status-publish","format-standard","hentry","category-sen-categoria","tag-15m","tag-sociedade"],"_links":{"self":[{"href":"https:\/\/blogs.amarinha.gal\/ribadeando\/wp-json\/wp\/v2\/posts\/7918","targetHints":{"allow":["GET"]}}],"collection":[{"href":"https:\/\/blogs.amarinha.gal\/ribadeando\/wp-json\/wp\/v2\/posts"}],"about":[{"href":"https:\/\/blogs.amarinha.gal\/ribadeando\/wp-json\/wp\/v2\/types\/post"}],"author":[{"embeddable":true,"href":"https:\/\/blogs.amarinha.gal\/ribadeando\/wp-json\/wp\/v2\/users\/3"}],"replies":[{"embeddable":true,"href":"https:\/\/blogs.amarinha.gal\/ribadeando\/wp-json\/wp\/v2\/comments?post=7918"}],"version-history":[{"count":0,"href":"https:\/\/blogs.amarinha.gal\/ribadeando\/wp-json\/wp\/v2\/posts\/7918\/revisions"}],"wp:attachment":[{"href":"https:\/\/blogs.amarinha.gal\/ribadeando\/wp-json\/wp\/v2\/media?parent=7918"}],"wp:term":[{"taxonomy":"category","embeddable":true,"href":"https:\/\/blogs.amarinha.gal\/ribadeando\/wp-json\/wp\/v2\/categories?post=7918"},{"taxonomy":"post_tag","embeddable":true,"href":"https:\/\/blogs.amarinha.gal\/ribadeando\/wp-json\/wp\/v2\/tags?post=7918"}],"curies":[{"name":"wp","href":"https:\/\/api.w.org\/{rel}","templated":true}]}}