{"id":7912,"date":"2011-06-17T07:59:00","date_gmt":"2011-06-17T05:59:00","guid":{"rendered":""},"modified":"2024-11-12T14:44:16","modified_gmt":"2024-11-12T13:44:16","slug":"paso-paso-en-tempos-revoltos","status":"publish","type":"post","link":"https:\/\/blogs.amarinha.gal\/ribadeando\/2011\/06\/17\/paso-paso-en-tempos-revoltos\/","title":{"rendered":"Paso a paso en tempos revoltos"},"content":{"rendered":"<p>De novo, f\u00e1ise cami\u00f1o \u00f3 andar. A asamblea cidad\u00e1 en Santiago ten posto un carteli\u00f1o anunciando unha marcha a p\u00e9 cara a Madrid que comezar\u00e1 o 24 de xu\u00f1o, e \u00e1 que se unir\u00e1 polo cami\u00f1o a marcha iniciada en Asturias.<\/p>\n<p>Mentras, a d\u00e9beda reclama m\u00e1is cartos por aumento de xuros : os gregos voltan a estar en m\u00e1is dificultades, Espa\u00f1a, de dama de compa\u00f1\u00eda. O resultado, o empobrecemento das arcas do estado.<\/p>\n<p>Pero iso \u00e9 f\u00f3ra, a\u00ednda que te\u00f1a consecuencias aqu\u00ed. Dentro das frotneiras de espa\u00f1a volve a insistirse sobre a reforma de indexaci\u00f3n de salarios, non \u00e1 inflacci\u00f3n, sen\u00f3n \u00e1 &#8216;produtividade&#8217; (na que resulta que <a href=\"http:\/\/jabope.blogspot.com\/2011\/06\/deriva.html\">ten unha compo\u00f1ente grande os recursos de capital<\/a>) ou a beneficios (cando istes est\u00e1n en horas baixas nas empresas, pero que, adem\u00e1is, recollen s\u00f3 parte das ganancias e todas as perdas como se pode ver polo aumento do que reciben os directivos bancarios), facendo as\u00ed do traballador algu\u00e9n que arrisca coa empresa, emtras que quenes levan o nome de emprendedores non arriscan. E ben, o traballador debe render para poder cobrar, pero de a\u00ed a ser un empresario cautivo a destaxo vai un treito.<\/p>\n<p>En canto \u00e1 violencia excedente das manifestaci\u00f3ns, e a parte de teor\u00edas conspiratorias con v\u00eddeos nos que parece que infiltrados nas manifestaci\u00f3ns est\u00e1n armando un xaleo que pretende deslexitimizar un movemento pac\u00edfico, est\u00e1 claro que os pol\u00edticos ven que non poden usar \u00e1s asambleas como propaganda a favor ou anti-os dem\u00e1is, probando, despois de minimizar o tema e de tentar sumarse propagand\u00edsticamente, a combatilo. Mentras, a falta de melloras no tempo de existencia do 15M e a vista da forza te\u00f3rica amosada polo movemento, eleva o tono da confrontaci\u00f3n e anima a s\u00faa deriva. A\u00ed est\u00e1 o tema: non violencia, pero posibilidades de deriva a cada paso &#8230;<\/p>\n<p>En fin, hai an\u00e1lises para todos os gustos. Isto non \u00e9 unha <a href=\"http:\/\/www.vnavarro.org\/?p=5772\">an\u00e1lise<\/a>. \u00c9 unha constataci\u00f3n.<\/p>\n","protected":false},"excerpt":{"rendered":"<p>De novo, f\u00e1ise cami\u00f1o \u00f3 andar. A asamblea cidad\u00e1 en Santiago ten posto un carteli\u00f1o anunciando unha marcha a p\u00e9 cara a Madrid que comezar\u00e1 o 24 de xu\u00f1o, e \u00e1 que se unir\u00e1 polo cami\u00f1o a marcha iniciada en Asturias. Mentras, a d\u00e9beda reclama m\u00e1is cartos por aumento de xuros : os gregos voltan [&hellip;]<\/p>\n","protected":false},"author":3,"featured_media":0,"comment_status":"open","ping_status":"closed","sticky":false,"template":"","format":"standard","meta":{"activitypub_content_warning":"","activitypub_content_visibility":"","activitypub_max_image_attachments":3,"activitypub_interaction_policy_quote":"anyone","activitypub_status":"federate","footnotes":""},"categories":[1],"tags":[102],"class_list":["post-7912","post","type-post","status-publish","format-standard","hentry","category-sen-categoria","tag-15m"],"_links":{"self":[{"href":"https:\/\/blogs.amarinha.gal\/ribadeando\/wp-json\/wp\/v2\/posts\/7912","targetHints":{"allow":["GET"]}}],"collection":[{"href":"https:\/\/blogs.amarinha.gal\/ribadeando\/wp-json\/wp\/v2\/posts"}],"about":[{"href":"https:\/\/blogs.amarinha.gal\/ribadeando\/wp-json\/wp\/v2\/types\/post"}],"author":[{"embeddable":true,"href":"https:\/\/blogs.amarinha.gal\/ribadeando\/wp-json\/wp\/v2\/users\/3"}],"replies":[{"embeddable":true,"href":"https:\/\/blogs.amarinha.gal\/ribadeando\/wp-json\/wp\/v2\/comments?post=7912"}],"version-history":[{"count":0,"href":"https:\/\/blogs.amarinha.gal\/ribadeando\/wp-json\/wp\/v2\/posts\/7912\/revisions"}],"wp:attachment":[{"href":"https:\/\/blogs.amarinha.gal\/ribadeando\/wp-json\/wp\/v2\/media?parent=7912"}],"wp:term":[{"taxonomy":"category","embeddable":true,"href":"https:\/\/blogs.amarinha.gal\/ribadeando\/wp-json\/wp\/v2\/categories?post=7912"},{"taxonomy":"post_tag","embeddable":true,"href":"https:\/\/blogs.amarinha.gal\/ribadeando\/wp-json\/wp\/v2\/tags?post=7912"}],"curies":[{"name":"wp","href":"https:\/\/api.w.org\/{rel}","templated":true}]}}