{"id":7909,"date":"2011-06-20T08:06:00","date_gmt":"2011-06-20T06:06:00","guid":{"rendered":""},"modified":"2024-11-12T14:44:10","modified_gmt":"2024-11-12T13:44:10","slug":"150-indignados-en-ribadeo","status":"publish","type":"post","link":"https:\/\/blogs.amarinha.gal\/ribadeando\/2011\/06\/20\/150-indignados-en-ribadeo\/","title":{"rendered":"150 indignados en Ribadeo"},"content":{"rendered":"<p>Non te f\u00edes do t\u00edtulo: chegou a haber nun momento dado (sobre as 13:30) dese orde de xente. A que pasou foi m\u00e1is, pero a que est\u00e1 indignada non corresponde con esa cifra, como se puido comprobar falando f\u00f3ra de micro ou mesmo fora da xuntanza. De claquera xeito, non est\u00e1 nada mal.<\/p>\n<p>Primeiro, uns n\u00fameros: se collemos a poboaci\u00f3n de Ribadeo, 10 000 persoas, a cousa representa o 1,5%. Se collemos a poboaci\u00f3n Mari\u00f1a-Occidente, a porcentaxe segue a baixar perigosamente.<\/p>\n<p>O d\u00eda de praia non sei se favoreceu ou non, pois escoitei comentar que da xuntanza \u00e1 praia, a hora fixa, co que estaba manifestada claramente a xerarqu\u00eda de actividades.<\/p>\n<p>45 minutos de convocatoria para comezar \u00e9 demasiado. A\u00ednda que f\u00f3ra unha cuesti\u00f3n t\u00e9cnica, por non chegar a megafon\u00eda. E deixouse sentir ben esa demas\u00eda, en comentarios e en ausencias.<\/p>\n<p>Desta volta, non tratei de coller uns apuntes para levantar acta persoal; ligarei co lugar no que se po\u00f1a ou se me chega antes por correo electr\u00f3nico un esquema da mesma, cargareino \u00f3 blog. Pero &#8230; o esquema rep\u00edtese. O fallo de asistencia da persoa encargada de montar a acta anterior a partir de dous tomanotas propiciou a repetici\u00f3n, nunha falta de memoria apoiada polo feito de que, coa itinerancia asamblearia na zona, non s\u00f3 a conciencia de movemento \u00e9 moi diversa, sen\u00f3n que se est\u00e1 a ampliar dunha a outra xuntanza.<\/p>\n<table align=\"center\" cellpadding=\"0\" cellspacing=\"0\" class=\"tr-caption-container\" style=\"margin-left: auto; margin-right: auto; text-align: center;\">\n<tbody>\n<tr>\n<td style=\"text-align: center;\"><a href=\"https:\/\/blogger.googleusercontent.com\/img\/b\/R29vZ2xl\/AVvXsEhbQAUQjn50UFKL3-N9xFsH7Pu3qEbBeOtTcSvcpXpX2e66EWDhnIWtfHii-szTzLmIuAaTSmjNbgAeMDmrq2lT18dYiYCr2xjh3TPFTp7YVBDh6PUhREcl2KAb9IakpwpFvesnIA\/s2048\/concentracion+indignados+Ribadeo.jpg\" imageanchor=\"1\" style=\"margin-left: auto; margin-right: auto;\"><img loading=\"lazy\" decoding=\"async\" height=\"92\" src=\"https:\/\/blogger.googleusercontent.com\/img\/b\/R29vZ2xl\/AVvXsEhbQAUQjn50UFKL3-N9xFsH7Pu3qEbBeOtTcSvcpXpX2e66EWDhnIWtfHii-szTzLmIuAaTSmjNbgAeMDmrq2lT18dYiYCr2xjh3TPFTp7YVBDh6PUhREcl2KAb9IakpwpFvesnIA\/s2048\/concentracion+indignados+Ribadeo.jpg\" width=\"640\" \/><\/a><\/td>\n<\/tr>\n<tr>\n<td class=\"tr-caption\" style=\"text-align: center;\">A xente, antes de comezarse a falar<\/td>\n<\/tr>\n<\/tbody>\n<\/table>\n<table align=\"center\" cellpadding=\"0\" cellspacing=\"0\" class=\"tr-caption-container\" style=\"margin-left: auto; margin-right: auto; text-align: center;\">\n<tbody>\n<tr>\n<td style=\"text-align: center;\"><a href=\"https:\/\/blogger.googleusercontent.com\/img\/b\/R29vZ2xl\/AVvXsEg-T5_cX-AQZQqr-EqXGEd2crGFP7QZ-YU-LsAR5uSyvroqnLl2B-SJubTVHxLEwH5-fmNLR_5qMoKi7Eoou78CT0mjVU3aj70kdMJ6av5spYzyOPMfp4vADCNvXi_KyqjXKffPgQ\/s2048\/concentracion+indignados+Ribadeo+carteis.jpg\" imageanchor=\"1\" style=\"margin-left: auto; margin-right: auto;\"><img loading=\"lazy\" decoding=\"async\" height=\"106\" src=\"https:\/\/blogger.googleusercontent.com\/img\/b\/R29vZ2xl\/AVvXsEg-T5_cX-AQZQqr-EqXGEd2crGFP7QZ-YU-LsAR5uSyvroqnLl2B-SJubTVHxLEwH5-fmNLR_5qMoKi7Eoou78CT0mjVU3aj70kdMJ6av5spYzyOPMfp4vADCNvXi_KyqjXKffPgQ\/s2048\/concentracion+indignados+Ribadeo+carteis.jpg\" width=\"640\" \/><\/a><\/td>\n<\/tr>\n<tr>\n<td class=\"tr-caption\" style=\"text-align: center;\">Alg\u00fans dos carteis<\/td>\n<\/tr>\n<\/tbody>\n<\/table>\n<table align=\"center\" cellpadding=\"0\" cellspacing=\"0\" class=\"tr-caption-container\" style=\"margin-left: auto; margin-right: auto; text-align: center;\">\n<tbody>\n<tr>\n<td style=\"text-align: center;\"><a href=\"https:\/\/blogger.googleusercontent.com\/img\/b\/R29vZ2xl\/AVvXsEiDv0V7CtSavzUjPBekrRqj0qE2PWxDxBPZnY2VpIgRr2dZCqDuqEJXem_uM2kR6Kio7CfGYSDyXt6AZs1FcNGostk5RTvn4tUgdAngGVPhy4FgkmfB0_4VrVzaZbHDs1eVGwQ5MA\/s2048\/concentracion+indignados+Ribadeo+momento.jpg\" imageanchor=\"1\" style=\"margin-left: auto; margin-right: auto;\"><img loading=\"lazy\" decoding=\"async\" height=\"120\" src=\"https:\/\/blogger.googleusercontent.com\/img\/b\/R29vZ2xl\/AVvXsEiDv0V7CtSavzUjPBekrRqj0qE2PWxDxBPZnY2VpIgRr2dZCqDuqEJXem_uM2kR6Kio7CfGYSDyXt6AZs1FcNGostk5RTvn4tUgdAngGVPhy4FgkmfB0_4VrVzaZbHDs1eVGwQ5MA\/s2048\/concentracion+indignados+Ribadeo+momento.jpg\" width=\"640\" \/><\/a><\/td>\n<\/tr>\n<tr>\n<td class=\"tr-caption\" style=\"text-align: center;\">A zona central, nun momento<\/td>\n<\/tr>\n<\/tbody>\n<\/table>\n<p>Dentro de cousas ditas (m\u00e1is que faladas, pois coido que non se chegou a establecer un &#8216;di\u00e1logo&#8217; =Discusi\u00f3n ou trato en busca de avenencia), est\u00e1n algunhas que no meu entender van frontalmente en contra da li\u00f1a da asamblea. Pero a toma de palabra era libre, e a liberdade respectouse. \u00d3 fin, dix\u00e9ronse cousas en p\u00fablico que a xente ten que aprender a dicilas f\u00f3ra de cando est\u00e1 cos amigos.<\/p>\n<p>E no futuro? en Ribadeo non se acaba o mundo, e tampouco a asamblea da zona. Que se poda pensar que a cousa non vai como deber\u00eda (\u00e9 dicir, como define que deber\u00eda ir quen as\u00ed o pense) \u00e9 lex\u00edtimo e pode ser un exercicio de di\u00e1logo no seu caso. Eu mesmo opino que a estrutura non est\u00e1 moi lograda. Ou que as persoas que asisten van a diferentes velocidades ou con diferentes implicaci\u00f3ns, dende quen estivo en todas as da zona despois de asistir ou visitar algunha asamblea en cidades ata quen asistiu por primeira vez, o que fai dif\u00edcil o di\u00e1logo a un mesmo nivel. Pero tam\u00e9n vexo o &#8216;meu&#8217; nivel de implicaci\u00f3n, as posibilidades e as necesidades. Por iso, te\u00f1o claro que dun ou outro xeito a cousa continuar\u00e1. Poda que derive cara a un \u00e1gora cidad\u00e1 nalg\u00fan lugar, pode que se refuxie m\u00e1is en internet do que xa est\u00e1, pode &#8230; a s\u00faa imprevisibilidade \u00e9 algo que \u00e1 &#8216;xente de orde&#8217;, afeita a outras cousas, fast\u00eddianos, pero tam\u00e9n \u00e9 unha forza que ten.<\/p>\n<p>Por certo, que falouse al\u00ed nun momento, a conto do medrar da asamblea e do seu futuro, de cousas que me lembraron a &#8216;Masa e poder&#8217;, de El\u00edas Canetti, unha obra de referencia intento de razoamento da orixe e variedades do fen\u00f3meno da masa, as\u00ed como o seu funcionamento, (m\u00e1s que \u00e1 &#8216;Rebeli\u00f3n das masas&#8217; de Ortega, que tam\u00e9n).<\/p>\n","protected":false},"excerpt":{"rendered":"<p>Non te f\u00edes do t\u00edtulo: chegou a haber nun momento dado (sobre as 13:30) dese orde de xente. A que pasou foi m\u00e1is, pero a que est\u00e1 indignada non corresponde con esa cifra, como se puido comprobar falando f\u00f3ra de micro ou mesmo fora da xuntanza. De claquera xeito, non est\u00e1 nada mal. Primeiro, uns [&hellip;]<\/p>\n","protected":false},"author":3,"featured_media":0,"comment_status":"open","ping_status":"closed","sticky":false,"template":"","format":"standard","meta":{"activitypub_content_warning":"","activitypub_content_visibility":"","activitypub_max_image_attachments":3,"activitypub_interaction_policy_quote":"anyone","activitypub_status":"federated","footnotes":""},"categories":[1],"tags":[102],"class_list":["post-7909","post","type-post","status-publish","format-standard","hentry","category-sen-categoria","tag-15m"],"_links":{"self":[{"href":"https:\/\/blogs.amarinha.gal\/ribadeando\/wp-json\/wp\/v2\/posts\/7909","targetHints":{"allow":["GET"]}}],"collection":[{"href":"https:\/\/blogs.amarinha.gal\/ribadeando\/wp-json\/wp\/v2\/posts"}],"about":[{"href":"https:\/\/blogs.amarinha.gal\/ribadeando\/wp-json\/wp\/v2\/types\/post"}],"author":[{"embeddable":true,"href":"https:\/\/blogs.amarinha.gal\/ribadeando\/wp-json\/wp\/v2\/users\/3"}],"replies":[{"embeddable":true,"href":"https:\/\/blogs.amarinha.gal\/ribadeando\/wp-json\/wp\/v2\/comments?post=7909"}],"version-history":[{"count":0,"href":"https:\/\/blogs.amarinha.gal\/ribadeando\/wp-json\/wp\/v2\/posts\/7909\/revisions"}],"wp:attachment":[{"href":"https:\/\/blogs.amarinha.gal\/ribadeando\/wp-json\/wp\/v2\/media?parent=7909"}],"wp:term":[{"taxonomy":"category","embeddable":true,"href":"https:\/\/blogs.amarinha.gal\/ribadeando\/wp-json\/wp\/v2\/categories?post=7909"},{"taxonomy":"post_tag","embeddable":true,"href":"https:\/\/blogs.amarinha.gal\/ribadeando\/wp-json\/wp\/v2\/tags?post=7909"}],"curies":[{"name":"wp","href":"https:\/\/api.w.org\/{rel}","templated":true}]}}