{"id":7906,"date":"2011-06-23T07:45:00","date_gmt":"2011-06-23T05:45:00","guid":{"rendered":""},"modified":"2024-11-12T14:44:06","modified_gmt":"2024-11-12T13:44:06","slug":"asamblea-cidada-en-ribadeo-asamblea","status":"publish","type":"post","link":"https:\/\/blogs.amarinha.gal\/ribadeando\/2011\/06\/23\/asamblea-cidada-en-ribadeo-asamblea\/","title":{"rendered":"Asamblea cidad\u00e1 en Ribadeo, Asamblea cidad\u00e1 en Foz"},"content":{"rendered":"<p>Atopo en <a href=\"http:\/\/www.facebook.com\/#%21\/home.php?sk=group_219369208082294&amp;view=doc&amp;id=232541420098406\">Facebook<\/a> a acta da Asamblea cidad\u00e1 en Ribadeo. \u00c1 espera de que algu\u00e9n a colgue no blog creado a tal efecto, deixo unha copia aqu\u00ed abaixo. Este fin de semana que ven, a pr\u00f3xima Asamblea, ser\u00e1 en Foz, s\u00e1bado \u00e1s 20:00 horas.<\/p>\n<p>IV Asamblea ciudadan\u00eda del Occidente Asturiano y Mari\u00f1a Lucense.<\/p>\n<p>Acto de movilizaci\u00f3n en apoyo a las acciones contra la firma del Pacto del Euro.<\/p>\n<p>1.<\/p>\n<p>APERTURA DE LA ASAMBLEA<\/p>\n<p>Se abre el acto a las 12:30 horas del 19 de junio de 2011 en el Parque de San Francisco en Ribadeo, dando lectura a la informaci\u00f3n sobre el Pacto del Euro que se firma el d\u00eda 23, recordando que la concentraci\u00f3n se hace en domingo por ese motivo.<\/p>\n<p>1.<\/p>\n<p>INTERVENCIONES<\/p>\n<p>1.<\/p>\n<p>Se anima a los presentes a participar en la asamblea.<\/p>\n<p>2.<\/p>\n<p>Se comenta que la crisis est\u00e1 provocada por la voracidad de las grandes fortunas, que las estrategias propuestas para incrementar la productividad consisten en subir los beneficios empresariales a base de empeorar la calidad de vida.<\/p>\n<p>3.<\/p>\n<p>Se solicita que se d\u00e9 lectura al acta de la asamblea anterior, proponiendo un esquema de la asamblea comenzando por dicha lectura, seguido de opiniones y finalmente realizaci\u00f3n de propuestas a consensuar.<\/p>\n<p>4.<\/p>\n<p>Se comenta que somos muchos los que tenemos ganas de que esto cambie, y que frente a las revoluciones pasadas que suponen cambios en la clase dominante, esta es una revoluci\u00f3n pac\u00edfica, que el camino es crecer de forma que cada d\u00eda seamos m\u00e1s, y que para ello tenemos que trabajar todos nosotros convenciendo a familiares, amigos y vecinos.<\/p>\n<p>5.<\/p>\n<p>Se constata que contra lo que se suele decir, cualquiera que asista a una asamblea comprueba que no somos un grupo homog\u00e9neo, ni j\u00f3venes, ni \u201cperroflautas\u201d, ni violentos.<\/p>\n<p>6.<\/p>\n<p>Una participante llegada de Guadalajara se emociona al encontrar que tambi\u00e9n aqu\u00ed, tan lejos de su ciudad, se celebran asambleas con el mismo esp\u00edritu y anima a seguir adelante.<\/p>\n<p>7.<\/p>\n<p>Una pol\u00edtica local se presenta como tal, recordando que tambi\u00e9n ellos est\u00e1n aqu\u00ed y que precisan de nuestro apoyo<\/p>\n<p>8.<\/p>\n<p>Se solicita m\u00e1s difusi\u00f3n a trav\u00e9s de e-mail, a lo que se responde que quien quiera recibir informaci\u00f3n debe anotar su direcci\u00f3n en el cuaderno de la asamblea.<\/p>\n<p>9.<\/p>\n<p>Se incide de nuevo en la necesidad de que todos nos impliquemos para que el movimiento continue y se extienda, apoyando las asambleas, informando a nuestros allegados, mentaliz\u00e1ndonos de que cada uno de nosotros es responsable a la vez que miembro del grupo.<\/p>\n<p>10.<\/p>\n<p>Se dice que sobran el 75% de los pol\u00edticos, recordando que en Espa\u00f1a hay m\u00e1s coches oficiales que en EEUU.<\/p>\n<p>11.<\/p>\n<p>Una asistente ilustra con su ejemplo personal el problema del paro juvenil, que afecta a sus hijos, que adem\u00e1s no constan como a su cargo para Hacienda, por ser mayores de edad. Se queja de la elevada contribuci\u00f3n de la vivienda habitual y de la actitud de las empresas en las entrevistas de trabajo, al preguntar sobre el sueldo que se desea percibir, a modo de subasta a la baja.<\/p>\n<p>12.<\/p>\n<p>Se responde a la solicitud de apoyo de los pol\u00edticos demandando el apoyo de quienes ostentan el poder a los ciudadanos, y se reclama que se acerquen a la asamblea en calidad de ciudadanos, en pie de igualdad. Al respecto de las acusaciones de violencia al movimento se cita a Gandhi: \u201cprimero te ignoran, luego se r\u00eden de t\u00ed, finalmente te atacan. Entonces has ganado.\u201d Se recuerda la violencia del sistema cuando se echa a alguien de su vivienda por no poder pagar. El participante considera que la violencia de los hechos de Barcelona fue exagerada por los medios.<\/p>\n<p>13.<\/p>\n<p>En respuesta a los ataques al movimiento por los sucesos de Barcelona, se lee el art\u00edculo de Rosa Mar\u00eda Artal \u201c\u00bfEs admisible criticar y protestar ante los politicos?\u201d en que se compara la gravedad de los hechos de Barcelona con la de otras muchas situaciones escandalosas en nuestro pa\u00eds que siguen sin dar lugar a cr\u00edticas por los pol\u00edticos y los medios de comunicaci\u00f3n de masas. Se anima a la movilizaci\u00f3n de todos.<\/p>\n<p>14.<\/p>\n<p>Se denuncia que el reci\u00e9n elegido alcalde del consistorio de Tapia de Casariego saliera del pleno de investidura espetando \u201c\u00a1Que os den!\u201d a parte de los presentes en el mismo. Se considera que una persona con ese talante no es digno de presidir un ayuntamiento y se propone una acci\u00f3n de protesta.<\/p>\n<p>15.<\/p>\n<p>Un pol\u00edtico de larga trayectoria defiende su papel en favor de la transformaci\u00f3n de la sociedad y reclama que no se meta a todos en el mismo saco, dado que tambi\u00e9n hay pol\u00edticos como Cayo Lara que defienden desde sus esca\u00f1os posiciones similares a las del 15-M.<\/p>\n<p>16.<\/p>\n<p>Se comenta que, ir\u00f3nicamente, seg\u00fan el diccionario de la Real Academia botin significa beneficio que se obtiene de un robo, atraco o estafa.<\/p>\n<p>17.<\/p>\n<p>Se recuerda que los abucheos a Cayo Lara s\u00f3lo se produjeron cuando tom\u00f3 el protagonismo ante los medios, eclipsando a la gente a la asamblea y el propio desahucio.<\/p>\n<p>18.<\/p>\n<p>Se pide a los pol\u00edticos \u201cprofesionales\u201d que hagan autocr\u00edtica, y se recuerda que todos somos pol\u00edticos en tanto que todos tenemos ideas y propuestas para mejorar la sociedad.<\/p>\n<p>19.<\/p>\n<p>El interviniente, de larga trayectoria en movimientos sociales, se felicita de la cantidad de gente convocada y constata que hay voluntad popular para respaldar las demandas del movimento, si bien teme que si no se concretan propuestas y estructuras se puede ir desvaneciendo. Opina que parte del diagn\u00f3stico y propuestas son ampliamente compartidas, pero se insiste en recordar que no todos los pol\u00edticos son iguales, y que hubo partidos que en su momento se opusieron a la uni\u00f3n monetaria consagrada en Maastritch por considerar que se estaba gestando una Europa de los mercaderes, en lugar de una uni\u00f3n pol\u00edtica y social. Se dice que si bien los pol\u00edticos tienen un papel central, el problema real es de base econ\u00f3mica. Cuando se habla del sistema hay que decir que es el capitalista, y que este sistema es quien propicia que la banca act\u00fae sin ning\u00fan tipo de control. Aboga por una perspectiva transformadora y no quedarse en la superficie. En lugar de esclarecer las cuentas de la Casa Real, hacerla desaparecer. Reflexionar sobre las actuaciones imperialistas con miras a la paz en el mundo. Reconocer la pluralidad y verla como una riqueza y no como un problema.<\/p>\n<p>20.<\/p>\n<p>Se expone la cuesti\u00f3n del proyecto de l\u00ednea de alta tensi\u00f3n y estaci\u00f3n transformadora en Folgosa (Ribadeo), denunciando la falta de transparencia en la tramitaci\u00f3n del mismo, la falta de justificaci\u00f3n t\u00e9cnica, la falta de respuesta a las alegaciones, etc. Se propone crear una comisi\u00f3n que estudie el tema en profundidad.<\/p>\n<p>21.<\/p>\n<p>Otro participante comenta que esa falta de transparencia es algo com\u00fan en la tramitaci\u00f3n de proyectos, eludiendo el control por la poblaci\u00f3n, recordando la inversi\u00f3n en Asturias de una elevada inversi\u00f3n (superior al mill\u00f3n de euros) en un proyecto de abastecimiento de agua que finalmente no funciona. Se pregunta que si la educaci\u00f3n y la sanidad son derechos reconocidos \u00bfporqu\u00e9 hay una sanidad y educaci\u00f3n privada? \u00bfc\u00f3mo puede ser que un ministro de sanidad tenga un seguro de salud privado y un ministro de educaci\u00f3n lleve a sus hijos a formarse en la privada. Propone que los pol\u00edticos renuncien a los seguros de sanidad privada y lleven a sus hijos a formarse en la p\u00fablica.<\/p>\n<p>22\u00aa El interviniente hace una serie de propuestas:<\/p>\n<p>\u2022 Articular confecci\u00f3n y distribuci\u00f3n de la documentaci\u00f3n.<\/p>\n<p>\u2022 Coordinaci\u00f3n y funcionamiento de las redes sociales: recopilar correos electr\u00f3nicos, etc..<\/p>\n<p>\u2022 Apostar por mantener la asamblea: \u201cvense as caras, visibilizaci\u00f3n, as plazas son \u00f3 lugar m\u00e1is natural.\u201d<\/p>\n<p>\u2022 Presencia en los medios. Recibimos un correo de periodista que pide informaci\u00f3n.\u201d\u00a1Que ve\u00f1a aqu\u00ed e que tome nota!\u201d<\/p>\n<p>\u2022 Acciones: Compromiso individual en la captaci\u00f3n de m\u00e1s participantes y colaboraci\u00f3n en las tareas.<\/p>\n<p>\u2022 Acciones de concello a concello: En Vegaeo, hacer una propuesta de uso de la tierra m\u00e1s pr\u00f3xima como productora de alimentos como iniciativa municipal. Crear un grupo de consumo ecol\u00f3gico, que tiene un gran poder transformador.<\/p>\n<p>\u2022 Preparar alguna acci\u00f3n bien planificada que nos dar\u00eda fuerza: \u201cestamos en proceso de adue\u00f1arnos del territorio\u201d.<\/p>\n<p>1.<\/p>\n<p>Se expone la necesidad de proteger la sanidad p\u00fablica, afectada por los recortes y objeto de una estrategia de merma de calidad y servicios a favor de la sanidad privada. Se pone el ejemplo de la situaci\u00f3n en verano en que al tomar vacaciones los trabajadores y no contratarse suplentes se cierran camas y se sobrecarga a quienes quedan a cargo. Se pide que se hable de feminismo e igualdad de g\u00e9nero.<\/p>\n<p>2.<\/p>\n<p>Se apoya la continuidad de las asambleas, y la creaci\u00f3n de comisiones para agilizar la generaci\u00f3n de propuestas. Se propone la toma del ayuntamiento de Tapia, o estrategias para colapsarlos a base de gestiones. Se recuerda que se form\u00f3 en la Asamblea de Vegadeo un grupo de payasos , unas 15 personas para las que se propone una reuni\u00f3n al finalizar esta asamblea.<\/p>\n<p>3.<\/p>\n<p>Se recuerdan las propuestas de la asamblea anterior y se proponen algunas medidas para mejorar el funcionamiento<\/p>\n<p>a) Esquema:<\/p>\n<p>1. Lectura acuerdos de la asamblea anterior.<\/p>\n<p>2. Ronda de intervenciones<\/p>\n<p>3. Separar disquisiciones de propuestas.<\/p>\n<p>b) Los que toman notas para confeccionar el acta pasar al responsable de la redacci\u00f3n en 2 d\u00edas para que le de tiempo a este \u00faltimo.<\/p>\n<p>c) Acciones concretas, por ejemplo para contrarrestar la manipulaci\u00f3n informativa a base de recorrer las parroquias para contar lo que somos y lo que no somos y lo que pretendemos. \u201cLo de Barcelona se va a repetir, hay mucha gente que no quiere que avanzemos\u201d.<\/p>\n<p>1.<\/p>\n<p>PROPUESTAS:<\/p>\n<p>1.<\/p>\n<p>Sobre el mecanismo de funcionamiento de las asambleas:<\/p>\n<p>1.<\/p>\n<p>Asignaci\u00f3n de tareas para la asamblea.<\/p>\n<p>2.<\/p>\n<p>Lectura del acta de la asamblea anterior.<\/p>\n<p>3.<\/p>\n<p>Intervenciones.<\/p>\n<p>4.<\/p>\n<p>Votaci\u00f3n de propuestas.<\/p>\n<p>2.<\/p>\n<p>Crear comisiones para el estudio de temas concretos y el dise\u00f1o de actuaciones concretas.<\/p>\n<p>1.<\/p>\n<p>Para el estudio del proyecto de l\u00ednea de alta tensi\u00f3n y la estaci\u00f3n transformadora en Ribadeo y su procedimiento administrativo.<\/p>\n<p>2.<\/p>\n<p>Para la elaboraci\u00f3n de un Plan Forestal y Medioambiental de la comarca.<\/p>\n<p>3.<\/p>\n<p>Para el dise\u00f1o de estrategias de difusi\u00f3n de la asamblea, sus propuestas y aportaciones.<\/p>\n<p>4.<\/p>\n<p>Una comisi\u00f3n sobre el funcionamiento de la sanidad p\u00fablica<\/p>\n<p>3.<\/p>\n<p>Solicitar que se realicen sustituciones de las vacaciones en los hospitales de la comarca.<\/p>\n<p>4.<\/p>\n<p>Proponer que todos los pol\u00edticos renuncien a la sanidad privada y lleven a sus hijos a la educaci\u00f3n p\u00fablica como muestra con su compromiso por la calidad de los servicios p\u00fablicos.<\/p>\n<p>5.<\/p>\n<p>Enviar las actas de las asambleas a los medios de comunicaci\u00f3n para su difusi\u00f3n y para evitar tergiversaciones.<\/p>\n<p>6.<\/p>\n<p>Se propone modificar el orden de las asambleas analizando las propuestas al inicio de la siguiente asamblea para permitir un debate pausado de las mismas, dejando las intervenciones para el final de cada asamblea.<\/p>\n<p>1.<\/p>\n<p>En todas las asambleas potenciar y enfatizar la necesidad de la ley para la daci\u00f3n en pago de la vivienda. Es un tema de gran repercusi\u00f3n social y de total urgencia.<\/p>\n<p>2.<\/p>\n<p>Creo que se podr\u00edan comprar con el bote com\u00fan unos cuadernos para escribir en ellas las actas de las asambleas, ya que veo que los voluntarios est\u00e1n escribiendo en folios sueltos, si\u00e9ndoles bastante inc\u00f3modo.<\/p>\n<p>3.<\/p>\n<p>Crear un punto fijo de informaci\u00f3n y concienciaci\u00f3n.<\/p>\n<p>1.<\/p>\n<p>ACUERDOS<\/p>\n<p>1.<\/p>\n<p>Se acuerda la celebraci\u00f3n de la siguiente asamblea en Foz, el s\u00e1bado 25 de junio en el parque del puerto.<\/p>\n<p>2.<\/p>\n<p>Se aplaza la votaci\u00f3n de propuestas hasta la pr\u00f3xima asamblea por falta de qu\u00f3rum.<\/p>\n<p>3.<\/p>\n<p>Se acuerda que, entre tanto, las personas interesadas en crear comisiones o participar en ellas se vayan apuntando en las correspondientes listas.<\/p>\n<p>4.<\/p>\n<p>Se cierra la Asamblea a las 14:30 horas aproximadamente.<\/p>\n","protected":false},"excerpt":{"rendered":"<p>Atopo en Facebook a acta da Asamblea cidad\u00e1 en Ribadeo. \u00c1 espera de que algu\u00e9n a colgue no blog creado a tal efecto, deixo unha copia aqu\u00ed abaixo. Este fin de semana que ven, a pr\u00f3xima Asamblea, ser\u00e1 en Foz, s\u00e1bado \u00e1s 20:00 horas. IV Asamblea ciudadan\u00eda del Occidente Asturiano y Mari\u00f1a Lucense. Acto de [&hellip;]<\/p>\n","protected":false},"author":3,"featured_media":0,"comment_status":"open","ping_status":"closed","sticky":false,"template":"","format":"standard","meta":{"activitypub_content_warning":"","activitypub_content_visibility":"","activitypub_max_image_attachments":3,"activitypub_interaction_policy_quote":"anyone","activitypub_status":"federated","footnotes":""},"categories":[1],"tags":[102],"class_list":["post-7906","post","type-post","status-publish","format-standard","hentry","category-sen-categoria","tag-15m"],"_links":{"self":[{"href":"https:\/\/blogs.amarinha.gal\/ribadeando\/wp-json\/wp\/v2\/posts\/7906","targetHints":{"allow":["GET"]}}],"collection":[{"href":"https:\/\/blogs.amarinha.gal\/ribadeando\/wp-json\/wp\/v2\/posts"}],"about":[{"href":"https:\/\/blogs.amarinha.gal\/ribadeando\/wp-json\/wp\/v2\/types\/post"}],"author":[{"embeddable":true,"href":"https:\/\/blogs.amarinha.gal\/ribadeando\/wp-json\/wp\/v2\/users\/3"}],"replies":[{"embeddable":true,"href":"https:\/\/blogs.amarinha.gal\/ribadeando\/wp-json\/wp\/v2\/comments?post=7906"}],"version-history":[{"count":0,"href":"https:\/\/blogs.amarinha.gal\/ribadeando\/wp-json\/wp\/v2\/posts\/7906\/revisions"}],"wp:attachment":[{"href":"https:\/\/blogs.amarinha.gal\/ribadeando\/wp-json\/wp\/v2\/media?parent=7906"}],"wp:term":[{"taxonomy":"category","embeddable":true,"href":"https:\/\/blogs.amarinha.gal\/ribadeando\/wp-json\/wp\/v2\/categories?post=7906"},{"taxonomy":"post_tag","embeddable":true,"href":"https:\/\/blogs.amarinha.gal\/ribadeando\/wp-json\/wp\/v2\/tags?post=7906"}],"curies":[{"name":"wp","href":"https:\/\/api.w.org\/{rel}","templated":true}]}}