{"id":7902,"date":"2011-06-26T09:37:00","date_gmt":"2011-06-26T07:37:00","guid":{"rendered":""},"modified":"2024-11-12T14:44:00","modified_gmt":"2024-11-12T13:44:00","slug":"ainda-asi-o-cambio-vai-calando-na-xente","status":"publish","type":"post","link":"https:\/\/blogs.amarinha.gal\/ribadeando\/2011\/06\/26\/ainda-asi-o-cambio-vai-calando-na-xente\/","title":{"rendered":"A\u00ednda as\u00ed, o cambio vai calando na xente"},"content":{"rendered":"<p>Onte houbo (debeu haber, que non asist\u00edn) asamblea cidad\u00e1 en Foz. Non vexo nada na prensa de hoxe. Non obstante, est\u00e1 a crearse outro n\u00facleo de asambleas en Burela, complementario \/ suplementario do itinerante pola Mari\u00f1a e Occidente asturiano. E pouco a pouco v\u00e1ise facendo un cambio de mentalidade, de postura e de actuaci\u00f3n.<\/p>\n<p>Non creo que haxa que inscribir nese cambio a difusi\u00f3n dunha <a href=\"http:\/\/publicadoenribadeo.wikispaces.com\/#x-Publicaci%C3%B3ns-Pol%C3%ADtica-Moci%C3%B3ns\">moci\u00f3n presentada polo PP sobre supresi\u00f3n de barreiras arquitect\u00f3nicas<\/a> \u00f3 pr\u00f3ximo pleno ordinario de Ribadeo, pero vai no mesmo sentido. Neste caso, a transparencia obxectiva do que se fai no concello, a\u00ednda que sexa por causa interesada de propaganda de acci\u00f3n dun determinado grupo.<\/p>\n","protected":false},"excerpt":{"rendered":"<p>Onte houbo (debeu haber, que non asist\u00edn) asamblea cidad\u00e1 en Foz. Non vexo nada na prensa de hoxe. Non obstante, est\u00e1 a crearse outro n\u00facleo de asambleas en Burela, complementario \/ suplementario do itinerante pola Mari\u00f1a e Occidente asturiano. E pouco a pouco v\u00e1ise facendo un cambio de mentalidade, de postura e de actuaci\u00f3n. Non [&hellip;]<\/p>\n","protected":false},"author":3,"featured_media":0,"comment_status":"open","ping_status":"closed","sticky":false,"template":"","format":"standard","meta":{"activitypub_content_warning":"","activitypub_content_visibility":"","activitypub_max_image_attachments":3,"activitypub_interaction_policy_quote":"anyone","activitypub_status":"federated","footnotes":""},"categories":[1],"tags":[102,13],"class_list":["post-7902","post","type-post","status-publish","format-standard","hentry","category-sen-categoria","tag-15m","tag-politica"],"_links":{"self":[{"href":"https:\/\/blogs.amarinha.gal\/ribadeando\/wp-json\/wp\/v2\/posts\/7902","targetHints":{"allow":["GET"]}}],"collection":[{"href":"https:\/\/blogs.amarinha.gal\/ribadeando\/wp-json\/wp\/v2\/posts"}],"about":[{"href":"https:\/\/blogs.amarinha.gal\/ribadeando\/wp-json\/wp\/v2\/types\/post"}],"author":[{"embeddable":true,"href":"https:\/\/blogs.amarinha.gal\/ribadeando\/wp-json\/wp\/v2\/users\/3"}],"replies":[{"embeddable":true,"href":"https:\/\/blogs.amarinha.gal\/ribadeando\/wp-json\/wp\/v2\/comments?post=7902"}],"version-history":[{"count":0,"href":"https:\/\/blogs.amarinha.gal\/ribadeando\/wp-json\/wp\/v2\/posts\/7902\/revisions"}],"wp:attachment":[{"href":"https:\/\/blogs.amarinha.gal\/ribadeando\/wp-json\/wp\/v2\/media?parent=7902"}],"wp:term":[{"taxonomy":"category","embeddable":true,"href":"https:\/\/blogs.amarinha.gal\/ribadeando\/wp-json\/wp\/v2\/categories?post=7902"},{"taxonomy":"post_tag","embeddable":true,"href":"https:\/\/blogs.amarinha.gal\/ribadeando\/wp-json\/wp\/v2\/tags?post=7902"}],"curies":[{"name":"wp","href":"https:\/\/api.w.org\/{rel}","templated":true}]}}