{"id":7896,"date":"2011-07-05T08:34:00","date_gmt":"2011-07-05T06:34:00","guid":{"rendered":""},"modified":"2024-11-12T14:43:44","modified_gmt":"2024-11-12T13:43:44","slug":"votantes-traidores","status":"publish","type":"post","link":"https:\/\/blogs.amarinha.gal\/ribadeando\/2011\/07\/05\/votantes-traidores\/","title":{"rendered":"Votantes traidores"},"content":{"rendered":"<p>Con retraso, b\u00f3tolle unha ollada \u00e1 Comarca da semana pasada. E atopo que, segundo un pequeno artigo, o PSOE foi traizoado polos votantes (ent\u00e9ndese que o PSOE ribadense polos votantes ribadenses). Coido que sinxelamente foi unha mala expresi\u00f3n que est\u00e1 a causar furor no pobo polo que poder\u00eda significar de non ser iso, un erro.<\/p>\n<p>Mante\u00f1o que \u00e9 un erro de expresi\u00f3n e non de idea polo t\u00edtulo do artigo: &#8216;o exconcelleiro Ram\u00f3n L\u00f3pez demanda unha renovaci\u00f3n urxente do partido&#8217;, algo que <a href=\"http:\/\/cargadoiro.blogcindario.com\/2011\/05\/00352-desde-mi-ventana.html\">pideu nun artigo xa vello Jos\u00e9 M\u00aa Rodr\u00edguez<\/a>. Mais, non sei se por voluntade de facelo as\u00ed ou por como foi recollida na prensa, o artigo da Comarca pide unha renovaci\u00f3n polos malos resultados, non por ter traizoado as ideas que defend\u00eda ou por non ter traballado abondo (por Ribadeo neste caso). Co que parece que, \u00f3 contrario de como defend\u00eda Jos\u00e9 M\u00aa, se est\u00e1 a pedir unha renovaci\u00f3n cosm\u00e9tica, que permita sacar m\u00e1is votos nas elecci\u00f3ns,confundindo os obxectivos cos votos que permitir\u00edan obtelos.<\/p>\n<p>Hai que pensar que, adem\u00e1is, isto ocorre mentras segue a existir o movemento 15M, a\u00ednda que se aprece unha aparente debilidade despois de dous meses de acci\u00f3n e en pleno cambio de t\u00e1ctica. Meses que xa serviron para que, alomenos noutros lugares, as ideas vaian cambiando, <a href=\"http:\/\/www.scribd.com\/doc\/54771304\/Reacciona\">se este\u00f1a reaccionando<\/a>, e <a href=\"http:\/\/feedproxy.google.com\/%7Er\/ElBlogDeEnriqueDans\/%7E3\/YR4COqXFI6g\/en-plena-era-de-la-informacion-exigimos-acceso-a-la-informacion-publica.html\">a transparencia sexa pedida<\/a>, e mesmo nalg\u00fans casos, case facilitada. Despois da petici\u00f3n de renovaci\u00f3n-pro-voto, caber\u00eda pensar que Ribadeo \u00e9 &#8216;sitio distinto&#8217;. Quen pense as\u00ed, debera estar na <a href=\"http:\/\/ribadeando.blogspot.com\/2011\/06\/150-indignados-en-ribadeo.html\">asamblea do 19 de xu\u00f1o<\/a>.<\/p>\n<p><iframe loading=\"lazy\" frameborder=\"0\" height=\"360\" src=\"http:\/\/player.vimeo.com\/video\/25811353?title=0&amp;byline=0&amp;portrait=0&amp;loop=1\" width=\"640\"><\/iframe><\/p>\n","protected":false},"excerpt":{"rendered":"<p>Con retraso, b\u00f3tolle unha ollada \u00e1 Comarca da semana pasada. E atopo que, segundo un pequeno artigo, o PSOE foi traizoado polos votantes (ent\u00e9ndese que o PSOE ribadense polos votantes ribadenses). Coido que sinxelamente foi unha mala expresi\u00f3n que est\u00e1 a causar furor no pobo polo que poder\u00eda significar de non ser iso, un erro. [&hellip;]<\/p>\n","protected":false},"author":3,"featured_media":0,"comment_status":"open","ping_status":"closed","sticky":false,"template":"","format":"standard","meta":{"activitypub_content_warning":"","activitypub_content_visibility":"","activitypub_max_image_attachments":3,"activitypub_interaction_policy_quote":"anyone","activitypub_status":"federated","footnotes":""},"categories":[1],"tags":[102,13,9],"class_list":["post-7896","post","type-post","status-publish","format-standard","hentry","category-sen-categoria","tag-15m","tag-politica","tag-sociedade"],"_links":{"self":[{"href":"https:\/\/blogs.amarinha.gal\/ribadeando\/wp-json\/wp\/v2\/posts\/7896","targetHints":{"allow":["GET"]}}],"collection":[{"href":"https:\/\/blogs.amarinha.gal\/ribadeando\/wp-json\/wp\/v2\/posts"}],"about":[{"href":"https:\/\/blogs.amarinha.gal\/ribadeando\/wp-json\/wp\/v2\/types\/post"}],"author":[{"embeddable":true,"href":"https:\/\/blogs.amarinha.gal\/ribadeando\/wp-json\/wp\/v2\/users\/3"}],"replies":[{"embeddable":true,"href":"https:\/\/blogs.amarinha.gal\/ribadeando\/wp-json\/wp\/v2\/comments?post=7896"}],"version-history":[{"count":0,"href":"https:\/\/blogs.amarinha.gal\/ribadeando\/wp-json\/wp\/v2\/posts\/7896\/revisions"}],"wp:attachment":[{"href":"https:\/\/blogs.amarinha.gal\/ribadeando\/wp-json\/wp\/v2\/media?parent=7896"}],"wp:term":[{"taxonomy":"category","embeddable":true,"href":"https:\/\/blogs.amarinha.gal\/ribadeando\/wp-json\/wp\/v2\/categories?post=7896"},{"taxonomy":"post_tag","embeddable":true,"href":"https:\/\/blogs.amarinha.gal\/ribadeando\/wp-json\/wp\/v2\/tags?post=7896"}],"curies":[{"name":"wp","href":"https:\/\/api.w.org\/{rel}","templated":true}]}}