{"id":7895,"date":"2011-07-06T08:10:00","date_gmt":"2011-07-06T06:10:00","guid":{"rendered":""},"modified":"2024-11-12T14:43:43","modified_gmt":"2024-11-12T13:43:43","slug":"con-dous-dias-de-retraso","status":"publish","type":"post","link":"https:\/\/blogs.amarinha.gal\/ribadeando\/2011\/07\/06\/con-dous-dias-de-retraso\/","title":{"rendered":"Con dous d\u00edas de retraso"},"content":{"rendered":"<p>Con dous d\u00edas de retraso retomo algo que no seu momento non sei por que deixei parado: a ligaz\u00f3n \u00f3 xornal &#8216;<a href=\"http:\/\/madrid.tomalaplaza.net\/files\/2011\/06\/15m-news.pdf\">15M News<\/a>&#8216;, descargable en pdf, o xornal dos indignados en Sol.<\/p>\n<p>Agora \u00e9 Jos\u00e9 M\u00aa quen me env\u00eda a ligaz\u00f3n, e \u00e1 ma\u00f1anci\u00f1a vexo que paga a pena po\u00f1elo no blog. \u00c9 xornal, pero non para todos os d\u00edas: sair\u00e1 luns e xoves. Un detalle interesante moi na li\u00f1a do movemento, que parece contradicirse a si mismo gardando \u00f3 tempo unha li\u00f1a de pensamento e actuaci\u00f3n m\u00f3biles pero coherentes.<\/p>\n<p>Ten novas recollidas dos medios, pero tam\u00e9n novas internas, nunha mistura \u00f3 que se ve, equilibrada. Igual pasa coa relaci\u00f3n entre asambleas en diversos lugares. Sendo o xornal de Sol, abrangue novas en porcentaxe importante tanto doutros lugares do estado como doutros pa\u00edses. E reparte o espazo entre novas e comunicados. Vamos, polo momento, un exemplo de equilibrio.<\/p>\n<p>O momento do nacemento non \u00e9 balad\u00ed, e p\u00f3dese atopar que \u00e9 precisamente cando os medios tradicionais van cedendo as portadas a asuntos &#8216;m\u00e1is mundanos&#8217;, e mesmo as novas sobre o&nbsp; movemento van desaparecendo do interior. \u00c9 un xeito de dicir algo as\u00ed como &#8216;se xa non vos somos \u00fatiles para vender xornais, xa non nos sodes \u00fatiles para&nbsp; a difusi\u00f3n&#8217;, \u00f3 estilo do que noutros tempos se chamaba &#8216;compa\u00f1eiros de viaxe&#8217; que agora apsan a estar non divorciados, pero si separados, seguindo cada un o seu cami\u00f1o.<\/p>\n<p>Nace ademis nun momento de reorganizaci\u00f3n do movemento, que non de retirada, en parte na procura do contacto directo con xente que non usa as redes sociais que seguen queimando etapas de relaci\u00f3n interna do 15M e externa do movemento con simpatizantes.<\/p>\n<p>En fin, nace. E dou nova do parto \u00f3 tempo que lembro os enderezos na web das ramas do 15M m\u00e1is pr\u00f3ximas a n\u00f3s: no <a href=\"http:\/\/www.asambleaoccidentemarina.blogspot.com\/\">blog<\/a> e <a href=\"http:\/\/www.facebook.com\/#%21\/home.php?sk=group_219369208082294&amp;notif_t=group_activity\">en facebook<\/a>. (nota: no blog p\u00f3dense ver as actas das asambleas, a\u00ednda que vaia con retraso, pois a \u00faltima rese\u00f1ada \u00e9 <a href=\"http:\/\/asambleaoccidentemarina.blogspot.com\/2011\/06\/actas-iv-asamblea-occidente-marina-en.html\">a de Ribadeo<\/a>)<\/p>\n<p>Relacionados hoxe na rede: <a href=\"http:\/\/mamvas.blogspot.com\/2011\/07\/nino-becerra-debemos-eliminar-este.html?utm_source=feedburner&amp;utm_medium=feed&amp;utm_campaign=Feed:+feedburner\/Dqyr+%28Jaque+al+Neoliberalismo%29\">Unha entrevista indignada<\/a>. <a href=\"http:\/\/im-pulso.blogspot.com\/2011\/07\/es-creible-un-estado-con-mas-de-5000.html\">Entroncando co 15M: sobran concellos<\/a>.<\/p>\n","protected":false},"excerpt":{"rendered":"<p>Con dous d\u00edas de retraso retomo algo que no seu momento non sei por que deixei parado: a ligaz\u00f3n \u00f3 xornal &#8216;15M News&#8216;, descargable en pdf, o xornal dos indignados en Sol. Agora \u00e9 Jos\u00e9 M\u00aa quen me env\u00eda a ligaz\u00f3n, e \u00e1 ma\u00f1anci\u00f1a vexo que paga a pena po\u00f1elo no blog. \u00c9 xornal, pero [&hellip;]<\/p>\n","protected":false},"author":3,"featured_media":0,"comment_status":"open","ping_status":"closed","sticky":false,"template":"","format":"standard","meta":{"activitypub_content_warning":"","activitypub_content_visibility":"","activitypub_max_image_attachments":3,"activitypub_interaction_policy_quote":"anyone","activitypub_status":"federated","footnotes":""},"categories":[1],"tags":[102],"class_list":["post-7895","post","type-post","status-publish","format-standard","hentry","category-sen-categoria","tag-15m"],"_links":{"self":[{"href":"https:\/\/blogs.amarinha.gal\/ribadeando\/wp-json\/wp\/v2\/posts\/7895","targetHints":{"allow":["GET"]}}],"collection":[{"href":"https:\/\/blogs.amarinha.gal\/ribadeando\/wp-json\/wp\/v2\/posts"}],"about":[{"href":"https:\/\/blogs.amarinha.gal\/ribadeando\/wp-json\/wp\/v2\/types\/post"}],"author":[{"embeddable":true,"href":"https:\/\/blogs.amarinha.gal\/ribadeando\/wp-json\/wp\/v2\/users\/3"}],"replies":[{"embeddable":true,"href":"https:\/\/blogs.amarinha.gal\/ribadeando\/wp-json\/wp\/v2\/comments?post=7895"}],"version-history":[{"count":0,"href":"https:\/\/blogs.amarinha.gal\/ribadeando\/wp-json\/wp\/v2\/posts\/7895\/revisions"}],"wp:attachment":[{"href":"https:\/\/blogs.amarinha.gal\/ribadeando\/wp-json\/wp\/v2\/media?parent=7895"}],"wp:term":[{"taxonomy":"category","embeddable":true,"href":"https:\/\/blogs.amarinha.gal\/ribadeando\/wp-json\/wp\/v2\/categories?post=7895"},{"taxonomy":"post_tag","embeddable":true,"href":"https:\/\/blogs.amarinha.gal\/ribadeando\/wp-json\/wp\/v2\/tags?post=7895"}],"curies":[{"name":"wp","href":"https:\/\/api.w.org\/{rel}","templated":true}]}}