{"id":7892,"date":"2011-07-08T10:51:00","date_gmt":"2011-07-08T08:51:00","guid":{"rendered":""},"modified":"2024-11-12T14:43:38","modified_gmt":"2024-11-12T13:43:38","slug":"buscanse-persoas","status":"publish","type":"post","link":"https:\/\/blogs.amarinha.gal\/ribadeando\/2011\/07\/08\/buscanse-persoas\/","title":{"rendered":"B\u00fascanse persoas."},"content":{"rendered":"<p>B\u00fascanse persoas. Calculo que por esta chegar\u00e1 cunhas catrocentas cincoenta ou cincocentas para non ter que estirar moito os brazos.<\/p>\n<p>O 23, s\u00e1bado, est\u00e1 pensado que as marchas de indignaci\u00f3n cheguen a Madrid. E, para acompa\u00f1alas no esprito, aqu\u00ed est\u00e1 previsto facer unha cadea humana \u00f3 longo da ponte dos Santos. Ser\u00e1 o 23, s\u00e1bado, \u00e1s sete da tarde<\/p>\n<p>Como en Ribadeo a\u00ednda segue a surtir m\u00e1is efecto en moitos casos o boca a boca, \u00e9 cousa de transmitilo as\u00ed: que sirva iste apunte s\u00f3 como un eslab\u00f3n m\u00e1is na cadea de procura de xente que vexa o problema e este\u00f1a a implicarse dalg\u00fan xeito. De a\u00ed o t\u00edtulo: &#8216;b\u00fascanse persoas&#8217;.<\/p>\n<table align=\"center\" cellpadding=\"0\" cellspacing=\"0\" class=\"tr-caption-container\" style=\"margin-left: auto; margin-right: auto; text-align: center;\">\n<tbody>\n<tr>\n<td style=\"text-align: center;\"><a href=\"https:\/\/blogger.googleusercontent.com\/img\/b\/R29vZ2xl\/AVvXsEhkwFpNLa_W6s5MyS6Ki7j8-pHq-JzOtB5idyXNZD6P_3wbZ0Q6dtT-DRRAsMI-S5JIDgXyOscA22idSTvpiWJkTAFrOEffuetcRyhwN-uZxlwlyL3cvgA9i-Zg-r7U3-xryF5srQ\/s2048\/ponteSantos.jpg\" imageanchor=\"1\" style=\"margin-left: auto; margin-right: auto;\"><img loading=\"lazy\" decoding=\"async\" height=\"86\" src=\"https:\/\/blogger.googleusercontent.com\/img\/b\/R29vZ2xl\/AVvXsEhkwFpNLa_W6s5MyS6Ki7j8-pHq-JzOtB5idyXNZD6P_3wbZ0Q6dtT-DRRAsMI-S5JIDgXyOscA22idSTvpiWJkTAFrOEffuetcRyhwN-uZxlwlyL3cvgA9i-Zg-r7U3-xryF5srQ\/s2048\/ponteSantos.jpg\" width=\"400\" \/><\/a><\/td>\n<\/tr>\n<tr>\n<td class=\"tr-caption\" style=\"text-align: center;\">A ponte dos Santos. Entre os puntos sinlados pola li\u00f1a, 620 m. E unha curiosidade da foto do sigpac (http:\/\/sigpac.mapa.es\/fega\/visor\/): est\u00e1 actualizada \u00e1 autov\u00eda na parte oriental, pero non na occidental.<\/td>\n<\/tr>\n<\/tbody>\n<\/table>\n<p>Un v\u00eddeo en galego estremeiro sobre a cadea humana:<\/p>\n<p><iframe loading=\"lazy\" allowfullscreen=\"\" frameborder=\"0\" height=\"390\" src=\"http:\/\/www.youtube.com\/embed\/BSqlKdVw-GE\" width=\"480\"><\/iframe><\/p>\n","protected":false},"excerpt":{"rendered":"<p>B\u00fascanse persoas. Calculo que por esta chegar\u00e1 cunhas catrocentas cincoenta ou cincocentas para non ter que estirar moito os brazos. O 23, s\u00e1bado, est\u00e1 pensado que as marchas de indignaci\u00f3n cheguen a Madrid. E, para acompa\u00f1alas no esprito, aqu\u00ed est\u00e1 previsto facer unha cadea humana \u00f3 longo da ponte dos Santos. Ser\u00e1 o 23, s\u00e1bado, [&hellip;]<\/p>\n","protected":false},"author":3,"featured_media":0,"comment_status":"open","ping_status":"closed","sticky":false,"template":"","format":"standard","meta":{"activitypub_content_warning":"","activitypub_content_visibility":"","activitypub_max_image_attachments":3,"activitypub_interaction_policy_quote":"anyone","activitypub_status":"federated","footnotes":""},"categories":[1],"tags":[102],"class_list":["post-7892","post","type-post","status-publish","format-standard","hentry","category-sen-categoria","tag-15m"],"_links":{"self":[{"href":"https:\/\/blogs.amarinha.gal\/ribadeando\/wp-json\/wp\/v2\/posts\/7892","targetHints":{"allow":["GET"]}}],"collection":[{"href":"https:\/\/blogs.amarinha.gal\/ribadeando\/wp-json\/wp\/v2\/posts"}],"about":[{"href":"https:\/\/blogs.amarinha.gal\/ribadeando\/wp-json\/wp\/v2\/types\/post"}],"author":[{"embeddable":true,"href":"https:\/\/blogs.amarinha.gal\/ribadeando\/wp-json\/wp\/v2\/users\/3"}],"replies":[{"embeddable":true,"href":"https:\/\/blogs.amarinha.gal\/ribadeando\/wp-json\/wp\/v2\/comments?post=7892"}],"version-history":[{"count":0,"href":"https:\/\/blogs.amarinha.gal\/ribadeando\/wp-json\/wp\/v2\/posts\/7892\/revisions"}],"wp:attachment":[{"href":"https:\/\/blogs.amarinha.gal\/ribadeando\/wp-json\/wp\/v2\/media?parent=7892"}],"wp:term":[{"taxonomy":"category","embeddable":true,"href":"https:\/\/blogs.amarinha.gal\/ribadeando\/wp-json\/wp\/v2\/categories?post=7892"},{"taxonomy":"post_tag","embeddable":true,"href":"https:\/\/blogs.amarinha.gal\/ribadeando\/wp-json\/wp\/v2\/tags?post=7892"}],"curies":[{"name":"wp","href":"https:\/\/api.w.org\/{rel}","templated":true}]}}