{"id":7886,"date":"2011-07-13T08:30:00","date_gmt":"2011-07-13T06:30:00","guid":{"rendered":""},"modified":"2024-11-12T14:43:28","modified_gmt":"2024-11-12T13:43:28","slug":"xogando-o-despiste","status":"publish","type":"post","link":"https:\/\/blogs.amarinha.gal\/ribadeando\/2011\/07\/13\/xogando-o-despiste\/","title":{"rendered":"Xogando \u00f3 despiste"},"content":{"rendered":"<p>Panem et circenses: hai d\u00edas contados que se voltou a armar a conta do f\u00fatbol, bastou o cumpreanos dun logro. Para a verquente m\u00e1is sociopol\u00edtica quedou a discusi\u00f3n 110\/120 cando entre o prezo dos combustibles e a crise ser\u00e1 mellor ir a 100 para que non suba o consumo. Mentras, a perda de dereitos e nivel de vida v\u00e1ise consumando. E a capacidade dunha posible resposta, mermando. Resposta que comezou a mermar hai xa abondo tempo, \u00f3 comezar a relocalizarse empresas, co que a &#8216;forza de traballo&#8217; aqu\u00ed cada d\u00eda ti\u00f1a menos poder. Agora toca desgastar \u00e1 sociedade en conxunto, diminu\u00edndo o noso posible aguante en calquera medida de forza, que adem\u00e1is se esforzan en dicirnos que \u00e9 imposible.<\/p>\n<p>Pero imposible &#8216;is nothing&#8217;, imposible non hai nada.<\/p>\n","protected":false},"excerpt":{"rendered":"<p>Panem et circenses: hai d\u00edas contados que se voltou a armar a conta do f\u00fatbol, bastou o cumpreanos dun logro. Para a verquente m\u00e1is sociopol\u00edtica quedou a discusi\u00f3n 110\/120 cando entre o prezo dos combustibles e a crise ser\u00e1 mellor ir a 100 para que non suba o consumo. Mentras, a perda de dereitos e [&hellip;]<\/p>\n","protected":false},"author":3,"featured_media":0,"comment_status":"open","ping_status":"closed","sticky":false,"template":"","format":"standard","meta":{"activitypub_content_warning":"","activitypub_content_visibility":"","activitypub_max_image_attachments":3,"activitypub_interaction_policy_quote":"anyone","activitypub_status":"federated","footnotes":""},"categories":[1],"tags":[21,9],"class_list":["post-7886","post","type-post","status-publish","format-standard","hentry","category-sen-categoria","tag-economia","tag-sociedade"],"_links":{"self":[{"href":"https:\/\/blogs.amarinha.gal\/ribadeando\/wp-json\/wp\/v2\/posts\/7886","targetHints":{"allow":["GET"]}}],"collection":[{"href":"https:\/\/blogs.amarinha.gal\/ribadeando\/wp-json\/wp\/v2\/posts"}],"about":[{"href":"https:\/\/blogs.amarinha.gal\/ribadeando\/wp-json\/wp\/v2\/types\/post"}],"author":[{"embeddable":true,"href":"https:\/\/blogs.amarinha.gal\/ribadeando\/wp-json\/wp\/v2\/users\/3"}],"replies":[{"embeddable":true,"href":"https:\/\/blogs.amarinha.gal\/ribadeando\/wp-json\/wp\/v2\/comments?post=7886"}],"version-history":[{"count":0,"href":"https:\/\/blogs.amarinha.gal\/ribadeando\/wp-json\/wp\/v2\/posts\/7886\/revisions"}],"wp:attachment":[{"href":"https:\/\/blogs.amarinha.gal\/ribadeando\/wp-json\/wp\/v2\/media?parent=7886"}],"wp:term":[{"taxonomy":"category","embeddable":true,"href":"https:\/\/blogs.amarinha.gal\/ribadeando\/wp-json\/wp\/v2\/categories?post=7886"},{"taxonomy":"post_tag","embeddable":true,"href":"https:\/\/blogs.amarinha.gal\/ribadeando\/wp-json\/wp\/v2\/tags?post=7886"}],"curies":[{"name":"wp","href":"https:\/\/api.w.org\/{rel}","templated":true}]}}