{"id":7879,"date":"2011-07-19T09:51:00","date_gmt":"2011-07-19T07:51:00","guid":{"rendered":""},"modified":"2024-11-12T14:43:14","modified_gmt":"2024-11-12T13:43:14","slug":"un-novo-paso","status":"publish","type":"post","link":"https:\/\/blogs.amarinha.gal\/ribadeando\/2011\/07\/19\/un-novo-paso\/","title":{"rendered":"Un novo paso"},"content":{"rendered":"<p>Est\u00e1 a darse un novo <a href=\"http:\/\/www.lavozdegalicia.es\/amarina\/2011\/07\/19\/0003_201107X19C5991.htm\">paso na privatizaci\u00f3n de servizos m\u00e9dicos<\/a>. Coido que non foi doado chegar a ter unha sanidade p\u00fablica, e agora, cando se te\u00f1en os mellores medios, pouco a pouco, pero cada vez de xeito m\u00e1is visible e r\u00e1pido, estase a abandoar pasando a facer unha contrataci\u00f3n da privada que logo ser\u00e1 vista como algo que costa demasiado e \u00e9 ineficiente. De feito, est\u00e1 claro este sistema no titular da nova collida da voz de Galicia de hoxe, e que presupo\u00f1o que ven indicado pola correspondente nota de prensa da Conseller\u00eda: &#8220;El Sergas paga 733.000 euros por fisioterapia y logopedia para los mari\u00f1anos&#8221;. Non \u00e9 que os pague de m\u00e1is, nin que os pague sobre o que xa pagaba, sen\u00f3n que est\u00e1 a subcontratar en troques de facelo con medios propios. E aqu\u00ed est\u00e1 a cuesti\u00f3n: subcontrata, anunciada como unha mellora.<\/p>\n<p>Nota: tender \u00f3 sistema norteamericano, un dos malos do mundo desenvolvido seguno a xeralidade das enquisas, cando precisamente est\u00e1n tentando  melloralo, fac\u00e9ndoo \u00f3 tempo m\u00e1is inclusivo, asequible e m\u00e1is barato,  non sei o que demostra &#8230; (non \u00e9 exactamente o sistema \u00f3 que se tende, pero a direci\u00f3n \u00e9 coincidente)<\/p>\n","protected":false},"excerpt":{"rendered":"<p>Est\u00e1 a darse un novo paso na privatizaci\u00f3n de servizos m\u00e9dicos. Coido que non foi doado chegar a ter unha sanidade p\u00fablica, e agora, cando se te\u00f1en os mellores medios, pouco a pouco, pero cada vez de xeito m\u00e1is visible e r\u00e1pido, estase a abandoar pasando a facer unha contrataci\u00f3n da privada que logo ser\u00e1 [&hellip;]<\/p>\n","protected":false},"author":3,"featured_media":0,"comment_status":"open","ping_status":"closed","sticky":false,"template":"","format":"standard","meta":{"activitypub_content_warning":"","activitypub_content_visibility":"","activitypub_max_image_attachments":3,"activitypub_interaction_policy_quote":"anyone","activitypub_status":"federate","footnotes":""},"categories":[1],"tags":[13],"class_list":["post-7879","post","type-post","status-publish","format-standard","hentry","category-sen-categoria","tag-politica"],"_links":{"self":[{"href":"https:\/\/blogs.amarinha.gal\/ribadeando\/wp-json\/wp\/v2\/posts\/7879","targetHints":{"allow":["GET"]}}],"collection":[{"href":"https:\/\/blogs.amarinha.gal\/ribadeando\/wp-json\/wp\/v2\/posts"}],"about":[{"href":"https:\/\/blogs.amarinha.gal\/ribadeando\/wp-json\/wp\/v2\/types\/post"}],"author":[{"embeddable":true,"href":"https:\/\/blogs.amarinha.gal\/ribadeando\/wp-json\/wp\/v2\/users\/3"}],"replies":[{"embeddable":true,"href":"https:\/\/blogs.amarinha.gal\/ribadeando\/wp-json\/wp\/v2\/comments?post=7879"}],"version-history":[{"count":0,"href":"https:\/\/blogs.amarinha.gal\/ribadeando\/wp-json\/wp\/v2\/posts\/7879\/revisions"}],"wp:attachment":[{"href":"https:\/\/blogs.amarinha.gal\/ribadeando\/wp-json\/wp\/v2\/media?parent=7879"}],"wp:term":[{"taxonomy":"category","embeddable":true,"href":"https:\/\/blogs.amarinha.gal\/ribadeando\/wp-json\/wp\/v2\/categories?post=7879"},{"taxonomy":"post_tag","embeddable":true,"href":"https:\/\/blogs.amarinha.gal\/ribadeando\/wp-json\/wp\/v2\/tags?post=7879"}],"curies":[{"name":"wp","href":"https:\/\/api.w.org\/{rel}","templated":true}]}}