{"id":7877,"date":"2011-07-21T09:01:00","date_gmt":"2011-07-21T07:01:00","guid":{"rendered":""},"modified":"2024-11-12T14:43:11","modified_gmt":"2024-11-12T13:43:11","slug":"culpables-os-servizos-xuridicos","status":"publish","type":"post","link":"https:\/\/blogs.amarinha.gal\/ribadeando\/2011\/07\/21\/culpables-os-servizos-xuridicos\/","title":{"rendered":"Culpables, os servizos xur\u00eddicos municipais?"},"content":{"rendered":"<p>Iso se desprende das verbas que d\u00edas pasados recolleu a prensa a conta dos rochos a rebaixar da r\/Irm\u00e1ns Moreno Ulloa. Se collemos <a href=\"http:\/\/elprogreso.galiciae.com\/nova\/101802.html\">ditas verbas<\/a>, e as misturamos coas recollidas nun <a href=\"http:\/\/ribadeando.blogspot.com\/2011\/07\/un-exemplo-claro-do-que-alguen-no-seu.html\">post anterior<\/a>, resulta que se se fixo &#8216;todo o que lle indicaron os servizos xur\u00eddicos municipais que era necesario facer&#8217;, e hai unha condena \u00f3 concello, os condeados deberan ser os servizos municipais concretos correspondentes. Coido que o tema non se aclarar\u00e1, porque seguindo  tradici\u00f3n non vai ir ningu\u00e9n dos interesados a aclaralo, co que v\u00f3ltase \u00e1 situaci\u00f3n xa descrita no post de hai uns d\u00edas, profundizando no al\u00ed dito &#8230;<\/p>\n","protected":false},"excerpt":{"rendered":"<p>Iso se desprende das verbas que d\u00edas pasados recolleu a prensa a conta dos rochos a rebaixar da r\/Irm\u00e1ns Moreno Ulloa. Se collemos ditas verbas, e as misturamos coas recollidas nun post anterior, resulta que se se fixo &#8216;todo o que lle indicaron os servizos xur\u00eddicos municipais que era necesario facer&#8217;, e hai unha condena [&hellip;]<\/p>\n","protected":false},"author":3,"featured_media":0,"comment_status":"open","ping_status":"closed","sticky":false,"template":"","format":"standard","meta":{"activitypub_content_warning":"","activitypub_content_visibility":"","activitypub_max_image_attachments":3,"activitypub_interaction_policy_quote":"anyone","activitypub_status":"federate","footnotes":""},"categories":[1],"tags":[13],"class_list":["post-7877","post","type-post","status-publish","format-standard","hentry","category-sen-categoria","tag-politica"],"_links":{"self":[{"href":"https:\/\/blogs.amarinha.gal\/ribadeando\/wp-json\/wp\/v2\/posts\/7877","targetHints":{"allow":["GET"]}}],"collection":[{"href":"https:\/\/blogs.amarinha.gal\/ribadeando\/wp-json\/wp\/v2\/posts"}],"about":[{"href":"https:\/\/blogs.amarinha.gal\/ribadeando\/wp-json\/wp\/v2\/types\/post"}],"author":[{"embeddable":true,"href":"https:\/\/blogs.amarinha.gal\/ribadeando\/wp-json\/wp\/v2\/users\/3"}],"replies":[{"embeddable":true,"href":"https:\/\/blogs.amarinha.gal\/ribadeando\/wp-json\/wp\/v2\/comments?post=7877"}],"version-history":[{"count":0,"href":"https:\/\/blogs.amarinha.gal\/ribadeando\/wp-json\/wp\/v2\/posts\/7877\/revisions"}],"wp:attachment":[{"href":"https:\/\/blogs.amarinha.gal\/ribadeando\/wp-json\/wp\/v2\/media?parent=7877"}],"wp:term":[{"taxonomy":"category","embeddable":true,"href":"https:\/\/blogs.amarinha.gal\/ribadeando\/wp-json\/wp\/v2\/categories?post=7877"},{"taxonomy":"post_tag","embeddable":true,"href":"https:\/\/blogs.amarinha.gal\/ribadeando\/wp-json\/wp\/v2\/tags?post=7877"}],"curies":[{"name":"wp","href":"https:\/\/api.w.org\/{rel}","templated":true}]}}