{"id":7873,"date":"2011-07-23T21:27:00","date_gmt":"2011-07-23T19:27:00","guid":{"rendered":""},"modified":"2024-11-12T14:43:04","modified_gmt":"2024-11-12T13:43:04","slug":"na-ponte-dos-santos","status":"publish","type":"post","link":"https:\/\/blogs.amarinha.gal\/ribadeando\/2011\/07\/23\/na-ponte-dos-santos\/","title":{"rendered":"Na ponte dos Santos"},"content":{"rendered":"<p>1-5-M eran os tres carteis principais que hab\u00eda esta tarde na ponte. Despois da concentraci\u00f3n dende mediod\u00eda na zona das Figueiras, xunt\u00e1monos ata unhas 200-250 persoas, cubrindo a parte central da ponte. A estas horas seguir\u00e1 a m\u00fasica na asamblea na zona de ocio das Figueiras&#8230; A tarde, magn\u00edfica, invitaba \u00e1 praia, e os barcos pola r\u00eda ofrec\u00edan unha paisaxe que non desentoaba co ambiente nin coa vista da r\u00eda de Ribadeo a media marea nunha tarde crara.<\/p>\n<p>A pr\u00f3xima concentraci\u00f3n, que de seguro a haber\u00e1, medrar\u00e1 a xente.<\/p>\n<p>Fotos? A ver se algu\u00e9n dos barcos colga algunha, pois Miguel marchou cando a\u00ednda estaba a comezar a cousa (un avi\u00f3n que andivo dando voltas despois non sei se era o del)<\/p>\n<p>E en Madrid, a chegada de indignados? iso \u00e9 en Madrid.<\/p>\n<p>[Nota: contei algo menos de 200, pero logo incorpor\u00e1ronse m\u00e1is.]<\/p>\n","protected":false},"excerpt":{"rendered":"<p>1-5-M eran os tres carteis principais que hab\u00eda esta tarde na ponte. Despois da concentraci\u00f3n dende mediod\u00eda na zona das Figueiras, xunt\u00e1monos ata unhas 200-250 persoas, cubrindo a parte central da ponte. A estas horas seguir\u00e1 a m\u00fasica na asamblea na zona de ocio das Figueiras&#8230; A tarde, magn\u00edfica, invitaba \u00e1 praia, e os barcos [&hellip;]<\/p>\n","protected":false},"author":3,"featured_media":0,"comment_status":"open","ping_status":"closed","sticky":false,"template":"","format":"standard","meta":{"activitypub_content_warning":"","activitypub_content_visibility":"","activitypub_max_image_attachments":3,"activitypub_interaction_policy_quote":"anyone","activitypub_status":"federated","footnotes":""},"categories":[1],"tags":[102],"class_list":["post-7873","post","type-post","status-publish","format-standard","hentry","category-sen-categoria","tag-15m"],"_links":{"self":[{"href":"https:\/\/blogs.amarinha.gal\/ribadeando\/wp-json\/wp\/v2\/posts\/7873","targetHints":{"allow":["GET"]}}],"collection":[{"href":"https:\/\/blogs.amarinha.gal\/ribadeando\/wp-json\/wp\/v2\/posts"}],"about":[{"href":"https:\/\/blogs.amarinha.gal\/ribadeando\/wp-json\/wp\/v2\/types\/post"}],"author":[{"embeddable":true,"href":"https:\/\/blogs.amarinha.gal\/ribadeando\/wp-json\/wp\/v2\/users\/3"}],"replies":[{"embeddable":true,"href":"https:\/\/blogs.amarinha.gal\/ribadeando\/wp-json\/wp\/v2\/comments?post=7873"}],"version-history":[{"count":0,"href":"https:\/\/blogs.amarinha.gal\/ribadeando\/wp-json\/wp\/v2\/posts\/7873\/revisions"}],"wp:attachment":[{"href":"https:\/\/blogs.amarinha.gal\/ribadeando\/wp-json\/wp\/v2\/media?parent=7873"}],"wp:term":[{"taxonomy":"category","embeddable":true,"href":"https:\/\/blogs.amarinha.gal\/ribadeando\/wp-json\/wp\/v2\/categories?post=7873"},{"taxonomy":"post_tag","embeddable":true,"href":"https:\/\/blogs.amarinha.gal\/ribadeando\/wp-json\/wp\/v2\/tags?post=7873"}],"curies":[{"name":"wp","href":"https:\/\/api.w.org\/{rel}","templated":true}]}}