{"id":7856,"date":"2011-08-05T07:25:00","date_gmt":"2011-08-05T05:25:00","guid":{"rendered":""},"modified":"2024-11-12T14:42:30","modified_gmt":"2024-11-12T13:42:30","slug":"carteis-electorais-entre-eleccions","status":"publish","type":"post","link":"https:\/\/blogs.amarinha.gal\/ribadeando\/2011\/08\/05\/carteis-electorais-entre-eleccions\/","title":{"rendered":"Carteis electorais entre elecci\u00f3ns"},"content":{"rendered":"<p>Agora que se achegan as novas elecci\u00f3ns polo adianto decretado, \u00e9 cousa de comezar a mirar atr\u00e1s, de darlle unha ollada \u00e1 historia para procurar que non se repita o que foi mal feito. E os carteis electorais das pasadas elecci\u00f3ns (os m\u00e1is pr\u00f3ximos no tempo, que os hai de m\u00e1is lonxe), tomados a 4 de agosto \u00e1 entrada de Ribadeo, dan que pensar, tendo en conta que poucos d\u00edas despois das elecci\u00f3ns xa hab\u00eda quen estaba reclamando que se quitaran.<\/p>\n<table align=\"center\" cellpadding=\"0\" cellspacing=\"0\" class=\"tr-caption-container\" style=\"margin-left: auto; margin-right: auto; text-align: center;\">\n<tbody>\n<tr>\n<td style=\"text-align: center;\"><a href=\"https:\/\/blogger.googleusercontent.com\/img\/b\/R29vZ2xl\/AVvXsEg_et95oNUinkegVKAg1kOCD1aFiFB-LFT0V6o6pZqAs2TrUgKIbxFR-kx2dbBVoH1dWhQWGWf1oMXE2sa0EMRJz6WfSUQI4mJ77SBFj1txACKIrsdSGmfd41cpARMpFodUWG4ufA\/s2048\/carteis+electorais.jpg\" imageanchor=\"1\" style=\"margin-left: auto; margin-right: auto;\"><img loading=\"lazy\" decoding=\"async\" height=\"264\" src=\"https:\/\/blogger.googleusercontent.com\/img\/b\/R29vZ2xl\/AVvXsEg_et95oNUinkegVKAg1kOCD1aFiFB-LFT0V6o6pZqAs2TrUgKIbxFR-kx2dbBVoH1dWhQWGWf1oMXE2sa0EMRJz6WfSUQI4mJ77SBFj1txACKIrsdSGmfd41cpARMpFodUWG4ufA\/s2048\/carteis+electorais.jpg\" width=\"640\" \/><\/a><\/td>\n<\/tr>\n<tr>\n<td class=\"tr-caption\" style=\"text-align: center;\">Carteis electorais \u00e1 entrada de Ribadeo, fronte \u00e1 \u00e1rea comercial<\/td>\n<\/tr>\n<\/tbody>\n<\/table>\n","protected":false},"excerpt":{"rendered":"<p>Agora que se achegan as novas elecci\u00f3ns polo adianto decretado, \u00e9 cousa de comezar a mirar atr\u00e1s, de darlle unha ollada \u00e1 historia para procurar que non se repita o que foi mal feito. E os carteis electorais das pasadas elecci\u00f3ns (os m\u00e1is pr\u00f3ximos no tempo, que os hai de m\u00e1is lonxe), tomados a 4 [&hellip;]<\/p>\n","protected":false},"author":3,"featured_media":0,"comment_status":"open","ping_status":"closed","sticky":false,"template":"","format":"standard","meta":{"activitypub_content_warning":"","activitypub_content_visibility":"","activitypub_max_image_attachments":3,"activitypub_interaction_policy_quote":"anyone","activitypub_status":"federated","footnotes":""},"categories":[1],"tags":[13],"class_list":["post-7856","post","type-post","status-publish","format-standard","hentry","category-sen-categoria","tag-politica"],"_links":{"self":[{"href":"https:\/\/blogs.amarinha.gal\/ribadeando\/wp-json\/wp\/v2\/posts\/7856","targetHints":{"allow":["GET"]}}],"collection":[{"href":"https:\/\/blogs.amarinha.gal\/ribadeando\/wp-json\/wp\/v2\/posts"}],"about":[{"href":"https:\/\/blogs.amarinha.gal\/ribadeando\/wp-json\/wp\/v2\/types\/post"}],"author":[{"embeddable":true,"href":"https:\/\/blogs.amarinha.gal\/ribadeando\/wp-json\/wp\/v2\/users\/3"}],"replies":[{"embeddable":true,"href":"https:\/\/blogs.amarinha.gal\/ribadeando\/wp-json\/wp\/v2\/comments?post=7856"}],"version-history":[{"count":0,"href":"https:\/\/blogs.amarinha.gal\/ribadeando\/wp-json\/wp\/v2\/posts\/7856\/revisions"}],"wp:attachment":[{"href":"https:\/\/blogs.amarinha.gal\/ribadeando\/wp-json\/wp\/v2\/media?parent=7856"}],"wp:term":[{"taxonomy":"category","embeddable":true,"href":"https:\/\/blogs.amarinha.gal\/ribadeando\/wp-json\/wp\/v2\/categories?post=7856"},{"taxonomy":"post_tag","embeddable":true,"href":"https:\/\/blogs.amarinha.gal\/ribadeando\/wp-json\/wp\/v2\/tags?post=7856"}],"curies":[{"name":"wp","href":"https:\/\/api.w.org\/{rel}","templated":true}]}}