{"id":7852,"date":"2011-08-09T12:59:00","date_gmt":"2011-08-09T10:59:00","guid":{"rendered":""},"modified":"2024-11-12T14:42:23","modified_gmt":"2024-11-12T13:42:23","slug":"enteradevos-revolucion-xa-ten-comezado","status":"publish","type":"post","link":"https:\/\/blogs.amarinha.gal\/ribadeando\/2011\/08\/09\/enteradevos-revolucion-xa-ten-comezado\/","title":{"rendered":"Enter\u00e1devos: a revoluci\u00f3n xa ten comezado"},"content":{"rendered":"<p>e ch\u00e1mase evoluci\u00f3n.<\/p>\n<p>A conto do 15M moito se ten escrito, moitos noivos lle te\u00f1en sa\u00eddo, que logo na mior parte dos casos sent\u00edronse despechados sen ter chegado \u00f3 noviazgo en ning\u00fan caso. Moitas veces se ten dito que o 15M ac\u00e1base, e moitas ten continuado. E adaptado. E adoitado por m\u00e1is xente, que sentindo que non comparte todo (ideas, actitudes, m\u00e9todos) cos outros participantes do movemento, cada vez ve m\u00e1is craro que comparte moitas cousas, m\u00e1is das que o separan. Tense visto asamblea tras asamblea.<\/p>\n<p>E mentras, o movemento pasou a ser europeo para ser mundial, sum\u00e1ndose con outros movemento nados noutros lugares, alg\u00fans t\u00e9ndoo como referenza, outros como un compa\u00f1eiro m\u00e1is. Diriamos &#8216;compa\u00f1eiros de viaxe&#8217; sen\u00f3n fora porque tam\u00e9n neste caso as ideas, pero tam\u00e9n as actitudes e os m\u00e9todos, difiren en parte, pero son compartidos na s\u00faa maior\u00eda. En t\u00f3dolos casos, comezaron por ser invisibles para forzar a s\u00faa visibilidade, e logo, o seu protagonismo e quedar a s\u00faa presenza a longo prazo.<\/p>\n<p>E vese un futuro: a loita. Que pase de pac\u00edfica a violenta, como remarca <a href=\"http:\/\/www.enriquedans.com\/2011\/08\/tecnologia-represion-y-revueltas-como-se-llego-al-estilo-ingles.html?utm_source=feedburner&amp;utm_medium=feed&amp;utm_campaign=Feed%3A+ElBlogDeEnriqueDans+%28El+Blog+de+Enrique+Dans%29\">E. Dans na s\u00faa entrada de hoxe<\/a>, depende de diversos factores, pero dende o primeiro momento s\u00e1bese que pode variar por un -por un s\u00f3, con moitas posibilidades diferentes para ise &#8216;un&#8217;- motivo. Pero sempre, cont\u00ednua.<\/p>\n<p>Mentras, o movemento vai volt\u00e1ndose m\u00e1is extenso e asumindo tarefas, diversificando, e calando m\u00e1is na xente. A\u00ed est\u00e1n a <a href=\"http:\/\/www.madrid11.com\/\">jmj<\/a> ou o 20N como pr\u00f3ximos obxectivos cos que interactuar, pero sobre todo a mensaxe de que o movemento non se para, porque segue a medrar, a dar ideas, a ver as posibilidades de futuro, a sentirse sociedade, a sociedade.<\/p>\n<p>Na Mari\u00f1a, con&nbsp; retraso respecto \u00f3 centro, o movemento segue avanzado. Non en li\u00f1a recta, que un cami\u00f1o non \u00e9 unha li\u00f1a, sen\u00f3n unha superficie alongada que mesmo pode dar curvas apra sortear obst\u00e1culos, pero avanzando. Por exemplo, po\u00f1endo na rede m\u00e1is informaci\u00f3n cun novo lugar en internet para <a href=\"https:\/\/n-1.cc\/pg\/groups\/504817\/indignados-a-maria\">indignados A Mari\u00f1a<\/a>, despois do <a href=\"http:\/\/indignadosamarinha.wordpress.com\/\">blog<\/a>. Sabendo que a rede non \u00e9 m\u00e1is que unha parte do mundo real. E tendo \u00e1 vista que unha revoluci\u00f3n non ten por que ser r\u00e1pida nin violenta, a\u00ednda que poda ser calquera das d\u00faas cousas, mesmo forzada a ser as d\u00faas.<\/p>\n","protected":false},"excerpt":{"rendered":"<p>e ch\u00e1mase evoluci\u00f3n. A conto do 15M moito se ten escrito, moitos noivos lle te\u00f1en sa\u00eddo, que logo na mior parte dos casos sent\u00edronse despechados sen ter chegado \u00f3 noviazgo en ning\u00fan caso. Moitas veces se ten dito que o 15M ac\u00e1base, e moitas ten continuado. E adaptado. E adoitado por m\u00e1is xente, que sentindo [&hellip;]<\/p>\n","protected":false},"author":3,"featured_media":0,"comment_status":"open","ping_status":"closed","sticky":false,"template":"","format":"standard","meta":{"activitypub_content_warning":"","activitypub_content_visibility":"","activitypub_max_image_attachments":3,"activitypub_interaction_policy_quote":"anyone","activitypub_status":"federated","footnotes":""},"categories":[1],"tags":[102],"class_list":["post-7852","post","type-post","status-publish","format-standard","hentry","category-sen-categoria","tag-15m"],"_links":{"self":[{"href":"https:\/\/blogs.amarinha.gal\/ribadeando\/wp-json\/wp\/v2\/posts\/7852","targetHints":{"allow":["GET"]}}],"collection":[{"href":"https:\/\/blogs.amarinha.gal\/ribadeando\/wp-json\/wp\/v2\/posts"}],"about":[{"href":"https:\/\/blogs.amarinha.gal\/ribadeando\/wp-json\/wp\/v2\/types\/post"}],"author":[{"embeddable":true,"href":"https:\/\/blogs.amarinha.gal\/ribadeando\/wp-json\/wp\/v2\/users\/3"}],"replies":[{"embeddable":true,"href":"https:\/\/blogs.amarinha.gal\/ribadeando\/wp-json\/wp\/v2\/comments?post=7852"}],"version-history":[{"count":0,"href":"https:\/\/blogs.amarinha.gal\/ribadeando\/wp-json\/wp\/v2\/posts\/7852\/revisions"}],"wp:attachment":[{"href":"https:\/\/blogs.amarinha.gal\/ribadeando\/wp-json\/wp\/v2\/media?parent=7852"}],"wp:term":[{"taxonomy":"category","embeddable":true,"href":"https:\/\/blogs.amarinha.gal\/ribadeando\/wp-json\/wp\/v2\/categories?post=7852"},{"taxonomy":"post_tag","embeddable":true,"href":"https:\/\/blogs.amarinha.gal\/ribadeando\/wp-json\/wp\/v2\/tags?post=7852"}],"curies":[{"name":"wp","href":"https:\/\/api.w.org\/{rel}","templated":true}]}}