{"id":7841,"date":"2011-08-18T08:04:00","date_gmt":"2011-08-18T06:04:00","guid":{"rendered":""},"modified":"2024-11-12T14:42:00","modified_gmt":"2024-11-12T13:42:00","slug":"un-mundo-que-se-acaba","status":"publish","type":"post","link":"https:\/\/blogs.amarinha.gal\/ribadeando\/2011\/08\/18\/un-mundo-que-se-acaba\/","title":{"rendered":"Un mundo que se acaba"},"content":{"rendered":"<p>A conto da espiral de desastre financieiro que pasa \u00e1 econom\u00eda e \u00e1 sociedade e retorna facendo m\u00e1is insostibles as finanzas, oc\u00f3rreseme facer unha predicci\u00f3n: en Espa\u00f1a en xeral, e en Galicia en particular, o ano 2011 ter\u00e1 unha estat\u00edstica de menor crecemento vexetativo que 2009. Medrar\u00e1 menos, co que a bomba demogr\u00e1fica nestes lares ser\u00e1 implosi\u00f3n, acrecentando a tendencia constatada dende hai m\u00e1is de 20 anos. Tendencia estudada nas s\u00faas formas, pero sen ter moi en conta as conclusi\u00f3ns sobre as causas e, s\u00f3 como negocio, os seus efectos. Non \u00e9 que se acabe o mundo, sen\u00f3n o mundo que co\u00f1ecemos, que evolucionar\u00e1 de xeito m\u00e1is independente de quenes poboamos esta zona. E si, pode ser coincidencia que en d\u00edas sucesivos Jos\u00e9 M\u00aa saque un artigo na Comarca sobre a residencia de maiores e \u00f3 seguinte, a Voz outro sobre que na d\u00e9cada pasada non houbo concello mari\u00f1\u00e1n que aumentara a poboaci\u00f3n t\u00f3dolos anos, pero \u00e9 que as causas para que se produzan artigos deste tipo est\u00e1n a\u00ed.<\/p>\n","protected":false},"excerpt":{"rendered":"<p>A conto da espiral de desastre financieiro que pasa \u00e1 econom\u00eda e \u00e1 sociedade e retorna facendo m\u00e1is insostibles as finanzas, oc\u00f3rreseme facer unha predicci\u00f3n: en Espa\u00f1a en xeral, e en Galicia en particular, o ano 2011 ter\u00e1 unha estat\u00edstica de menor crecemento vexetativo que 2009. Medrar\u00e1 menos, co que a bomba demogr\u00e1fica nestes lares [&hellip;]<\/p>\n","protected":false},"author":3,"featured_media":0,"comment_status":"open","ping_status":"closed","sticky":false,"template":"","format":"standard","meta":{"activitypub_content_warning":"","activitypub_content_visibility":"","activitypub_max_image_attachments":3,"activitypub_interaction_policy_quote":"anyone","activitypub_status":"federate","footnotes":""},"categories":[1],"tags":[21,9],"class_list":["post-7841","post","type-post","status-publish","format-standard","hentry","category-sen-categoria","tag-economia","tag-sociedade"],"_links":{"self":[{"href":"https:\/\/blogs.amarinha.gal\/ribadeando\/wp-json\/wp\/v2\/posts\/7841","targetHints":{"allow":["GET"]}}],"collection":[{"href":"https:\/\/blogs.amarinha.gal\/ribadeando\/wp-json\/wp\/v2\/posts"}],"about":[{"href":"https:\/\/blogs.amarinha.gal\/ribadeando\/wp-json\/wp\/v2\/types\/post"}],"author":[{"embeddable":true,"href":"https:\/\/blogs.amarinha.gal\/ribadeando\/wp-json\/wp\/v2\/users\/3"}],"replies":[{"embeddable":true,"href":"https:\/\/blogs.amarinha.gal\/ribadeando\/wp-json\/wp\/v2\/comments?post=7841"}],"version-history":[{"count":0,"href":"https:\/\/blogs.amarinha.gal\/ribadeando\/wp-json\/wp\/v2\/posts\/7841\/revisions"}],"wp:attachment":[{"href":"https:\/\/blogs.amarinha.gal\/ribadeando\/wp-json\/wp\/v2\/media?parent=7841"}],"wp:term":[{"taxonomy":"category","embeddable":true,"href":"https:\/\/blogs.amarinha.gal\/ribadeando\/wp-json\/wp\/v2\/categories?post=7841"},{"taxonomy":"post_tag","embeddable":true,"href":"https:\/\/blogs.amarinha.gal\/ribadeando\/wp-json\/wp\/v2\/tags?post=7841"}],"curies":[{"name":"wp","href":"https:\/\/api.w.org\/{rel}","templated":true}]}}