{"id":7839,"date":"2011-08-20T20:16:00","date_gmt":"2011-08-20T18:16:00","guid":{"rendered":""},"modified":"2024-11-12T14:41:57","modified_gmt":"2024-11-12T13:41:57","slug":"destino","status":"publish","type":"post","link":"https:\/\/blogs.amarinha.gal\/ribadeando\/2011\/08\/20\/destino\/","title":{"rendered":"Destino"},"content":{"rendered":"<p>Hai xa m\u00e1is dunha semana que saltou a nova: Francisco Rivas resigna o seu posto no concello porque se vai de Director xeral a Asturias, \u00e1 administraci\u00f3n comandada por Cascos.<\/p>\n<p>Foi <a href=\"http:\/\/ribadeando.blogspot.com\/2011\/05\/pospolitica-como-politica-postelectoral.html\">comentado con moita anterioridade no blog<\/a>, pero non deixa de ser nova despois do intento fallido dun posto na Xunta que, \u00f3 meu ver, tivo tanta relaci\u00f3n coa perda dunha cadeira de UPRi nestas elecci\u00f3ns en relaci\u00f3n \u00e1s pasadas.<\/p>\n<p>Queda no posto o segundo da lista, Agust\u00edn Reim\u00f3ndez Gancedo, que polo momento est\u00e1 lonxe de ter a imaxe e repercusi\u00f3n de actividade que ti\u00f1a Paco Rivas. E o Partido? Queda en partido, \u00e9 dicir, en parte do que era, e cunha pregunta no \u00e1r: \u00e9 necesario (ou convinte) un partido local? Calquera partido local, ou ha ter un certo perfil? Opino que haber\u00eda que sopesar pors e contras no primeiro caso, estando m\u00e1is claro no segundo, pero, cara \u00f3 futuro, caber\u00eda m\u00e1is ben preguntarse pola posibilidade de continuidade do partido local que xa hai, a tenor das elecci\u00f3ns, non o menor de Ribadeo.<\/p>\n","protected":false},"excerpt":{"rendered":"<p>Hai xa m\u00e1is dunha semana que saltou a nova: Francisco Rivas resigna o seu posto no concello porque se vai de Director xeral a Asturias, \u00e1 administraci\u00f3n comandada por Cascos. Foi comentado con moita anterioridade no blog, pero non deixa de ser nova despois do intento fallido dun posto na Xunta que, \u00f3 meu ver, [&hellip;]<\/p>\n","protected":false},"author":3,"featured_media":0,"comment_status":"open","ping_status":"closed","sticky":false,"template":"","format":"standard","meta":{"activitypub_content_warning":"","activitypub_content_visibility":"","activitypub_max_image_attachments":3,"activitypub_interaction_policy_quote":"anyone","activitypub_status":"federate","footnotes":""},"categories":[1],"tags":[13],"class_list":["post-7839","post","type-post","status-publish","format-standard","hentry","category-sen-categoria","tag-politica"],"_links":{"self":[{"href":"https:\/\/blogs.amarinha.gal\/ribadeando\/wp-json\/wp\/v2\/posts\/7839","targetHints":{"allow":["GET"]}}],"collection":[{"href":"https:\/\/blogs.amarinha.gal\/ribadeando\/wp-json\/wp\/v2\/posts"}],"about":[{"href":"https:\/\/blogs.amarinha.gal\/ribadeando\/wp-json\/wp\/v2\/types\/post"}],"author":[{"embeddable":true,"href":"https:\/\/blogs.amarinha.gal\/ribadeando\/wp-json\/wp\/v2\/users\/3"}],"replies":[{"embeddable":true,"href":"https:\/\/blogs.amarinha.gal\/ribadeando\/wp-json\/wp\/v2\/comments?post=7839"}],"version-history":[{"count":0,"href":"https:\/\/blogs.amarinha.gal\/ribadeando\/wp-json\/wp\/v2\/posts\/7839\/revisions"}],"wp:attachment":[{"href":"https:\/\/blogs.amarinha.gal\/ribadeando\/wp-json\/wp\/v2\/media?parent=7839"}],"wp:term":[{"taxonomy":"category","embeddable":true,"href":"https:\/\/blogs.amarinha.gal\/ribadeando\/wp-json\/wp\/v2\/categories?post=7839"},{"taxonomy":"post_tag","embeddable":true,"href":"https:\/\/blogs.amarinha.gal\/ribadeando\/wp-json\/wp\/v2\/tags?post=7839"}],"curies":[{"name":"wp","href":"https:\/\/api.w.org\/{rel}","templated":true}]}}