{"id":7831,"date":"2011-08-27T11:32:00","date_gmt":"2011-08-27T09:32:00","guid":{"rendered":""},"modified":"2024-11-12T14:41:45","modified_gmt":"2024-11-12T13:41:45","slug":"derivacions","status":"publish","type":"post","link":"https:\/\/blogs.amarinha.gal\/ribadeando\/2011\/08\/27\/derivacions\/","title":{"rendered":"Derivaci\u00f3ns"},"content":{"rendered":"<p>O tema, os funcionarios? Ou o tema, o xeito de facer as cousas? Hoxe s\u00e1bado, unha <a href=\"http:\/\/www.lavozdegalicia.es\/amarina\/2011\/08\/27\/0003_201108X27C7994.htm\">nova intervenci\u00f3n na prensa, esta volta, da oposici\u00f3n<\/a>,&nbsp; coido que se poder\u00eda titular algo as\u00ed como o &#8216;PP denuncia o populismo de Su\u00e1rez&#8217;. Quiz\u00e1is resulta que M. Val\u00edn viu o post de Fernando Su\u00e1rez en Facebook relacionado co tema e as 29 respostas (neste momento) xeradas. Entre elas, a mi\u00f1a: <span data-jsid=\"text\">&#8220;Fernando, a petici\u00f3n est\u00e1 ben, pero podias tela  feito antes, sen propaganda contra o funcionariado, e estar funcionando  xa todo como \u00e9 debido. Non?&#8221;. E s\u00edgoo preguntando, porque non vexo correspondencia na transparencia con que se tratan outros temas, nin tampouco vexo por que non se solucionou antes, ou sen cargar contra o funcionariado (xa abondo enfrontado ten \u00e1 xente, parte por o funcionamento dalg\u00fans funcionarios -ou moitos funcionarios, segundo percepci\u00f3ns- como por comportamentos pol\u00edticos continuados facendo responsables \u00f3s funcionarios de cousas que non lles coresponden, sen\u00f3n \u00f3 poder pol\u00edtico). \u00c9 m\u00e1is, coido que \u00e9 unha medida que a medio prazo p\u00f3dese voltar contra o alcalde: chega con que o cidad\u00e1 correspondente vaia \u00f3 concello e o funcionario que o te\u00f1a que atender este\u00f1a de baixa por enfermidade. O cidad\u00e1n comezar\u00e1 a desconfiar de que as medidas tomadas polo alcalde s\u00f3 o foron &#8216;de boquilla&#8217;, e quedar\u00e1n desprestixiados tanto alcalde como funcionario.<\/span><\/p>\n<p><span data-jsid=\"text\">Non deixa de ser unha curiosidade m\u00e1is, pero onte, contra a informaci\u00f3n dada pola comisi\u00f3n de festas de <a href=\"http:\/\/www.lavozdegalicia.es\/amarina\/2011\/08\/26\/0003_201108X26C4991.htm\">facer os fogos do sete noutro lugar, Fernando Su\u00e1rez dic\u00eda que a\u00ednda non estaba permitido<\/a>. Os xornais de hoxe non traen nada (alomenos en internet). Apostas sobre o que pasar\u00e1? <\/span><\/p>\n","protected":false},"excerpt":{"rendered":"<p>O tema, os funcionarios? Ou o tema, o xeito de facer as cousas? Hoxe s\u00e1bado, unha nova intervenci\u00f3n na prensa, esta volta, da oposici\u00f3n,&nbsp; coido que se poder\u00eda titular algo as\u00ed como o &#8216;PP denuncia o populismo de Su\u00e1rez&#8217;. Quiz\u00e1is resulta que M. Val\u00edn viu o post de Fernando Su\u00e1rez en Facebook relacionado co tema [&hellip;]<\/p>\n","protected":false},"author":3,"featured_media":0,"comment_status":"open","ping_status":"closed","sticky":false,"template":"","format":"standard","meta":{"activitypub_content_warning":"","activitypub_content_visibility":"","activitypub_max_image_attachments":3,"activitypub_interaction_policy_quote":"anyone","activitypub_status":"federate","footnotes":""},"categories":[1],"tags":[13],"class_list":["post-7831","post","type-post","status-publish","format-standard","hentry","category-sen-categoria","tag-politica"],"_links":{"self":[{"href":"https:\/\/blogs.amarinha.gal\/ribadeando\/wp-json\/wp\/v2\/posts\/7831","targetHints":{"allow":["GET"]}}],"collection":[{"href":"https:\/\/blogs.amarinha.gal\/ribadeando\/wp-json\/wp\/v2\/posts"}],"about":[{"href":"https:\/\/blogs.amarinha.gal\/ribadeando\/wp-json\/wp\/v2\/types\/post"}],"author":[{"embeddable":true,"href":"https:\/\/blogs.amarinha.gal\/ribadeando\/wp-json\/wp\/v2\/users\/3"}],"replies":[{"embeddable":true,"href":"https:\/\/blogs.amarinha.gal\/ribadeando\/wp-json\/wp\/v2\/comments?post=7831"}],"version-history":[{"count":0,"href":"https:\/\/blogs.amarinha.gal\/ribadeando\/wp-json\/wp\/v2\/posts\/7831\/revisions"}],"wp:attachment":[{"href":"https:\/\/blogs.amarinha.gal\/ribadeando\/wp-json\/wp\/v2\/media?parent=7831"}],"wp:term":[{"taxonomy":"category","embeddable":true,"href":"https:\/\/blogs.amarinha.gal\/ribadeando\/wp-json\/wp\/v2\/categories?post=7831"},{"taxonomy":"post_tag","embeddable":true,"href":"https:\/\/blogs.amarinha.gal\/ribadeando\/wp-json\/wp\/v2\/tags?post=7831"}],"curies":[{"name":"wp","href":"https:\/\/api.w.org\/{rel}","templated":true}]}}