{"id":7829,"date":"2011-08-28T15:10:00","date_gmt":"2011-08-28T13:10:00","guid":{"rendered":""},"modified":"2024-11-12T14:41:42","modified_gmt":"2024-11-12T13:41:42","slug":"e-mais-doado-legalizar-certas-cousas","status":"publish","type":"post","link":"https:\/\/blogs.amarinha.gal\/ribadeando\/2011\/08\/28\/e-mais-doado-legalizar-certas-cousas\/","title":{"rendered":"\u00c9 m\u00e1is doado legalizar certas cousas que lexitimalas"},"content":{"rendered":"<p>At\u00f3pome c<a href=\"http:\/\/es.wikiquote.org\/wiki\/Nicholas_S%C3%A9bastien_Roch,_Chamfort\">unha cita<\/a> de <a href=\"http:\/\/es.wikipedia.org\/wiki\/Nicolas_Chamfort\">Chamfort<\/a> nun diario de hai xa m\u00e1is de dous meses. Cita que atopo \u00e9 aplicable totalmente a d\u00eda de hoxe, s\u00e9culos despois de que fora creada. A\u00ed est\u00e1n os <a href=\"http:\/\/ribadeando.blogspot.com\/2011\/08\/cambios-de-ultima-hora.html\">derradeiros balbuceos lexislativos do mandato<\/a>, legalizando (tentando de facelo) cousas en troques de lexitimalas (o que non \u00e9 posible \u00f3 non selo polo pobo).<\/p>\n<p>No mesmo vello xornal atopo &#8216;<a href=\"http:\/\/elcomentario.tv\/reggio\/interpretar-un-referendum-de-alfonso-egea-de-haro-en-publico\/18\/06\/2011\/\">interpretar un referendum<\/a>&#8216;, en relaci\u00f3n \u00f3 referendo &#8216;perdido por Berlusconi&#8217;, pero cun t\u00edtulo que po\u00f1o en contacto direito coa actualidade en Espa\u00f1a: a petici\u00f3n dun referendo para un cambio constitucional pedido dende f\u00f3ra das fronteiras com\u00fans e \u00f3 que se lle quere dar tratamento &#8216;expr\u00e9s&#8217;, preferencia moi por riba doutros cambios negados despois de seren pedidios dende dentro. Interpretar un referendo &#8230; dentro de pouco haber\u00e1 que interpretar \u00f3s nosos pol\u00edticos (\u00f3 fin, xa se est\u00e1 a comezar a facer) se non logramos que &#8216;eles&#8217; interpreten a vontade do pobo  e leven a cabo as acci\u00f3ns para o noso benestar xeral. Por certo, para que haxa obriga de convocar&nbsp; referendo \u00e9 necesario 1\/10 de congresistas ou 1\/10 de senadores, e hai unha <a href=\"http:\/\/actuable.es\/peticiones\/pide-referendum-ratificar-reforma-la-constitucion\">campa\u00f1a para mentalizalos<\/a>, cos <a href=\"http:\/\/www.elconfidencial.com\/espana\/2011\/08\/25\/la-reforma-de-la-constitucion-subleva-al-psoe-y-amenaza-con-romper-la-disciplina-de-voto-83190\/\">primeiros apontamentos nas filas socialistas<\/a>, despois de ser <a href=\"http:\/\/www.lavanguardia.com\/politica\/20110825\/54205262648\/icv-euia-quiere-forzar-con-ciu-y-psc-un-referendum-sobre-la-reforma-constitucional.html\">defendido por partidos minoritarios<\/a>.<\/p>\n","protected":false},"excerpt":{"rendered":"<p>At\u00f3pome cunha cita de Chamfort nun diario de hai xa m\u00e1is de dous meses. Cita que atopo \u00e9 aplicable totalmente a d\u00eda de hoxe, s\u00e9culos despois de que fora creada. A\u00ed est\u00e1n os derradeiros balbuceos lexislativos do mandato, legalizando (tentando de facelo) cousas en troques de lexitimalas (o que non \u00e9 posible \u00f3 non selo [&hellip;]<\/p>\n","protected":false},"author":3,"featured_media":0,"comment_status":"open","ping_status":"closed","sticky":false,"template":"","format":"standard","meta":{"activitypub_content_warning":"","activitypub_content_visibility":"","activitypub_max_image_attachments":3,"activitypub_interaction_policy_quote":"anyone","activitypub_status":"federated","footnotes":""},"categories":[1],"tags":[13],"class_list":["post-7829","post","type-post","status-publish","format-standard","hentry","category-sen-categoria","tag-politica"],"_links":{"self":[{"href":"https:\/\/blogs.amarinha.gal\/ribadeando\/wp-json\/wp\/v2\/posts\/7829","targetHints":{"allow":["GET"]}}],"collection":[{"href":"https:\/\/blogs.amarinha.gal\/ribadeando\/wp-json\/wp\/v2\/posts"}],"about":[{"href":"https:\/\/blogs.amarinha.gal\/ribadeando\/wp-json\/wp\/v2\/types\/post"}],"author":[{"embeddable":true,"href":"https:\/\/blogs.amarinha.gal\/ribadeando\/wp-json\/wp\/v2\/users\/3"}],"replies":[{"embeddable":true,"href":"https:\/\/blogs.amarinha.gal\/ribadeando\/wp-json\/wp\/v2\/comments?post=7829"}],"version-history":[{"count":0,"href":"https:\/\/blogs.amarinha.gal\/ribadeando\/wp-json\/wp\/v2\/posts\/7829\/revisions"}],"wp:attachment":[{"href":"https:\/\/blogs.amarinha.gal\/ribadeando\/wp-json\/wp\/v2\/media?parent=7829"}],"wp:term":[{"taxonomy":"category","embeddable":true,"href":"https:\/\/blogs.amarinha.gal\/ribadeando\/wp-json\/wp\/v2\/categories?post=7829"},{"taxonomy":"post_tag","embeddable":true,"href":"https:\/\/blogs.amarinha.gal\/ribadeando\/wp-json\/wp\/v2\/tags?post=7829"}],"curies":[{"name":"wp","href":"https:\/\/api.w.org\/{rel}","templated":true}]}}