{"id":7825,"date":"2011-08-31T10:34:00","date_gmt":"2011-08-31T08:34:00","guid":{"rendered":""},"modified":"2024-11-12T14:41:35","modified_gmt":"2024-11-12T13:41:35","slug":"xeitos-metodos-e-cuestion-de-fondo","status":"publish","type":"post","link":"https:\/\/blogs.amarinha.gal\/ribadeando\/2011\/08\/31\/xeitos-metodos-e-cuestion-de-fondo\/","title":{"rendered":"Xeitos, m\u00e9todos e cuesti\u00f3n de fondo"},"content":{"rendered":"<p>Onte recib\u00edn una <a href=\"http:\/\/publicadoenribadeo.wikispaces.com\/file\/view\/MOCION+RESERVA+DA+BIOSFERA+AS+CATEDRAIS.odt\">moci\u00f3n sobre a reserva da biosfera e a zona de As Catedrais<\/a> (<a href=\"http:\/\/publicadoenribadeo.wikispaces.com\/file\/view\/MOCION+RESERVA+DA+BIOSFERA+AS+CATEDRAIS.pdf\">aqu\u00ed, en pdf<\/a>) que deixo para consulta de quenqueira en <a href=\"http:\/\/publicadoenribadeo.wikispaces.com\/\">publicado en Ribadeo<\/a>. Presentouse onte pola ma\u00f1\u00e1 para ser tratado nun pr\u00f3ximo pleno (non ten por que ser necesariamente no seguinte). Presentouse polo PP. Quere o anterior dicir que temos algo de informaci\u00f3n do que se vai tratar nun dos plenos seguintes para polo menos poder crearnos unha opini\u00f3n. En contraste, ata agora, como ten sa\u00eddo a relocer m\u00e1is dunha volta no blog, os asuntos dos plenos son desco\u00f1ecidos a non ser que vaiamos a bucear entre os papeis da entrada do concello o d\u00eda anterior (se nunca probaches a atopar algo al\u00ed, proba, pode ser unha experiencia interesante). Voltando \u00e1 moci\u00f3n, unha vez presentada, non queda moito m\u00e1is que formarse unha opini\u00f3n e posicionarse; \u00f3 fin, a construcci\u00f3n do escrito, da idea e do que representa, xa est\u00e1 feita (suponse, a\u00edn que non est\u00e1 demostrado, que no interior do partido pol\u00edtico si ser\u00eda consultada ampliamente). Pero non deixa de ser un paso ata a transparencia dende a opacidade total. O que prop\u00f3n? A lectura est\u00e1 a disposici\u00f3n na web.<\/p>\n<p>Esta mesma ma\u00f1\u00e1 ch\u00e9game polo facebook outro documento, este m\u00e1is informal e a nivel estatal e <a href=\"http:\/\/www.acordem.org\/2011\/08\/28\/yo-acuso\/\">sobre a pretendida (por alg\u00fans) variaci\u00f3n da constituci\u00f3n<\/a>. Incide en cousas que xa se te\u00f1en tratado m\u00e1is ou menos aqu\u00ed, pero doutro xeito. Manifesta un m\u00e9todo diferente \u00f3 anterior: xa que non hai capacidade de manobra por parte da xente para unha oposici\u00f3n legal, tenta dar difusi\u00f3n \u00e1 idea de que non hai unha representatividade \u00e9tica por parte da xente que a quere aprobar (algo no que estoude acordo) para que non sexa escamoteada a oposici\u00f3n factible.<\/p>\n<p>S\u00f3 unha terceira parte, unha cita de Gandhi: &#8216;Somos como nenos no canto \u00e1 nosa educaci\u00f3n pol\u00edtica. Non entendemos o principio de que o ben p\u00fablico \u00e9 tam\u00e9n o noso propio ben.&#8217; (extra\u00edble direitamente de <a href=\"http:\/\/www.gandhiserve.org\/cwmg\/VOL005.PDF\">CWMG vol 5, pp327-328 Russia and India<\/a>). \u00c9 a cuesti\u00f3n de fondo para d\u00faas cousas. Unha, respecto dos elixidos: quen non entende que o ben p\u00fablico \u00e9 o que ten que defender, non responde \u00e1 funci\u00f3n para a que foi elixido. Outra, respecto dos electores: quen non comprende o principio, tampouco comprende que ten o poder e o dereito e deber de defender o ben de todos, comezando pola disposici\u00f3n de informaci\u00f3n para facer ese exercicio de poder.<\/p>\n","protected":false},"excerpt":{"rendered":"<p>Onte recib\u00edn una moci\u00f3n sobre a reserva da biosfera e a zona de As Catedrais (aqu\u00ed, en pdf) que deixo para consulta de quenqueira en publicado en Ribadeo. Presentouse onte pola ma\u00f1\u00e1 para ser tratado nun pr\u00f3ximo pleno (non ten por que ser necesariamente no seguinte). Presentouse polo PP. Quere o anterior dicir que temos [&hellip;]<\/p>\n","protected":false},"author":3,"featured_media":0,"comment_status":"open","ping_status":"closed","sticky":false,"template":"","format":"standard","meta":{"activitypub_content_warning":"","activitypub_content_visibility":"","activitypub_max_image_attachments":3,"activitypub_interaction_policy_quote":"anyone","activitypub_status":"federated","footnotes":""},"categories":[1],"tags":[13],"class_list":["post-7825","post","type-post","status-publish","format-standard","hentry","category-sen-categoria","tag-politica"],"_links":{"self":[{"href":"https:\/\/blogs.amarinha.gal\/ribadeando\/wp-json\/wp\/v2\/posts\/7825","targetHints":{"allow":["GET"]}}],"collection":[{"href":"https:\/\/blogs.amarinha.gal\/ribadeando\/wp-json\/wp\/v2\/posts"}],"about":[{"href":"https:\/\/blogs.amarinha.gal\/ribadeando\/wp-json\/wp\/v2\/types\/post"}],"author":[{"embeddable":true,"href":"https:\/\/blogs.amarinha.gal\/ribadeando\/wp-json\/wp\/v2\/users\/3"}],"replies":[{"embeddable":true,"href":"https:\/\/blogs.amarinha.gal\/ribadeando\/wp-json\/wp\/v2\/comments?post=7825"}],"version-history":[{"count":0,"href":"https:\/\/blogs.amarinha.gal\/ribadeando\/wp-json\/wp\/v2\/posts\/7825\/revisions"}],"wp:attachment":[{"href":"https:\/\/blogs.amarinha.gal\/ribadeando\/wp-json\/wp\/v2\/media?parent=7825"}],"wp:term":[{"taxonomy":"category","embeddable":true,"href":"https:\/\/blogs.amarinha.gal\/ribadeando\/wp-json\/wp\/v2\/categories?post=7825"},{"taxonomy":"post_tag","embeddable":true,"href":"https:\/\/blogs.amarinha.gal\/ribadeando\/wp-json\/wp\/v2\/tags?post=7825"}],"curies":[{"name":"wp","href":"https:\/\/api.w.org\/{rel}","templated":true}]}}