{"id":7823,"date":"2011-09-02T14:10:00","date_gmt":"2011-09-02T12:10:00","guid":{"rendered":""},"modified":"2024-11-12T14:41:32","modified_gmt":"2024-11-12T13:41:32","slug":"somos-ricos","status":"publish","type":"post","link":"https:\/\/blogs.amarinha.gal\/ribadeando\/2011\/09\/02\/somos-ricos\/","title":{"rendered":"Somos ricos"},"content":{"rendered":"<p>Publico isto o mesmo d\u00eda que sae na prensa a nova da reforma da constituci\u00f3n que di algo parello a que non nos fai falla endebedarnos &#8230; en Ribadeo, hab\u00eda un pavill\u00f3n vello, e haber\u00e1 un novo (non outro m\u00e1is, sen\u00f3n sinxelamente, outro). Un cambio, no que hai mont\u00f3ns de cascallos para aproveitar, e varios mill\u00f3ns de euros, de paso. \u00c1 s\u00faa beira, un edificio que \u00eda para m\u00e1is pisos e quedou recortado despois de estar abandoado por motivos xudiciais. Somos ou non ricos?<\/p>\n<table align=\"center\" cellpadding=\"0\" cellspacing=\"0\" class=\"tr-caption-container\" style=\"margin-left: auto; margin-right: auto; text-align: center;\">\n<tbody>\n<tr>\n<td style=\"text-align: center;\"><a href=\"https:\/\/blogger.googleusercontent.com\/img\/b\/R29vZ2xl\/AVvXsEg5jR207dpw_Xlq30sJUfuSu6Qex0uLbU-2YsUmhGztBEGFr5Bc0y7d3tBoVdZJwZarmjipsqUFkQWHKOQEd9SY1RsW0HwPsHcO_ErwkHZd_-DN5K5zJ7dVOVGqaj3cP5Sqp2Cbew\/s2048\/pavill%25C3%25B3n+obras.jpg\" imageanchor=\"1\" style=\"margin-left: auto; margin-right: auto;\"><img loading=\"lazy\" decoding=\"async\" height=\"160\" src=\"https:\/\/blogger.googleusercontent.com\/img\/b\/R29vZ2xl\/AVvXsEg5jR207dpw_Xlq30sJUfuSu6Qex0uLbU-2YsUmhGztBEGFr5Bc0y7d3tBoVdZJwZarmjipsqUFkQWHKOQEd9SY1RsW0HwPsHcO_ErwkHZd_-DN5K5zJ7dVOVGqaj3cP5Sqp2Cbew\/s2048\/pavill%25C3%25B3n+obras.jpg\" width=\"640\" \/><\/a><\/td>\n<\/tr>\n<tr>\n<td class=\"tr-caption\" style=\"text-align: center;\">O que era zona de vestiarios do vello pavill\u00f3n, que \u00f3 que parece, cons\u00e9rvase \u00bf?<\/td>\n<\/tr>\n<\/tbody>\n<\/table>\n<table align=\"center\" cellpadding=\"0\" cellspacing=\"0\" class=\"tr-caption-container\" style=\"margin-left: auto; margin-right: auto; text-align: center;\">\n<tbody>\n<tr>\n<td style=\"text-align: center;\"><a href=\"https:\/\/blogger.googleusercontent.com\/img\/b\/R29vZ2xl\/AVvXsEjgbGtusa4j9KuUvRkQcRp-RGjS_Djgbn0VYc_rUzo2WGndULp5JHpO6duc5Dw1NIZWM8pO9rJtRj3b8PfyK5GQjffmKJ-wLM-_-Hf9G1IMo8ModySIfnDqUz7HkIeLyf-kYsVjvA\/s2048\/pavill%25C3%25B3n+obras+2.jpg\" imageanchor=\"1\" style=\"margin-left: auto; margin-right: auto;\"><img loading=\"lazy\" decoding=\"async\" height=\"140\" src=\"https:\/\/blogger.googleusercontent.com\/img\/b\/R29vZ2xl\/AVvXsEjgbGtusa4j9KuUvRkQcRp-RGjS_Djgbn0VYc_rUzo2WGndULp5JHpO6duc5Dw1NIZWM8pO9rJtRj3b8PfyK5GQjffmKJ-wLM-_-Hf9G1IMo8ModySIfnDqUz7HkIeLyf-kYsVjvA\/s2048\/pavill%25C3%25B3n+obras+2.jpg\" width=\"640\" \/><\/a><\/td>\n<\/tr>\n<tr>\n<td class=\"tr-caption\" style=\"text-align: center;\">A beirar\u00faa coido que non ti\u00f1a 1 ano (hai fotos no blog), pero ir\u00e1 metida no mesmo bloque de obra &#8230;<\/td>\n<\/tr>\n<\/tbody>\n<\/table>\n<table align=\"center\" cellpadding=\"0\" cellspacing=\"0\" class=\"tr-caption-container\" style=\"margin-left: auto; margin-right: auto; text-align: center;\">\n<tbody>\n<tr>\n<td style=\"text-align: center;\"><a href=\"https:\/\/blogger.googleusercontent.com\/img\/b\/R29vZ2xl\/AVvXsEhyKAWWK7CLE0H8ZFms7TTeddNYIVHLXN_gOUVytC2bugjSMScP0G2ZUFrot1HcuclIsazxi-SE9FuYGOf2VonovAYI1Jl9c-Uma3z6_dL-UzrSTpnbq3aMIghBwcvrSniv_wtXUQ\/s2048\/parquet+pavillon.jpg\" imageanchor=\"1\" style=\"margin-left: auto; margin-right: auto;\"><img loading=\"lazy\" decoding=\"async\" height=\"270\" src=\"https:\/\/blogger.googleusercontent.com\/img\/b\/R29vZ2xl\/AVvXsEhyKAWWK7CLE0H8ZFms7TTeddNYIVHLXN_gOUVytC2bugjSMScP0G2ZUFrot1HcuclIsazxi-SE9FuYGOf2VonovAYI1Jl9c-Uma3z6_dL-UzrSTpnbq3aMIghBwcvrSniv_wtXUQ\/s2048\/parquet+pavillon.jpg\" width=\"640\" \/><\/a><\/td>\n<\/tr>\n<tr>\n<td class=\"tr-caption\" style=\"text-align: center;\">Coment\u00e1base que o parqu\u00e9 estaba posto &#8216;como non se fai agora&#8217;. Estes mont\u00f3ns de parqu\u00e9 si son de agora.<\/td>\n<\/tr>\n<\/tbody>\n<\/table>\n<table align=\"center\" cellpadding=\"0\" cellspacing=\"0\" class=\"tr-caption-container\" style=\"margin-left: auto; margin-right: auto; text-align: center;\">\n<tbody>\n<tr>\n<td style=\"text-align: center;\"><a href=\"https:\/\/blogger.googleusercontent.com\/img\/b\/R29vZ2xl\/AVvXsEgCfCS0o31kkVvFBUwVIuEg_JtZfxlLYn94-3l3fO_uJIHt6IHmGEEqJfH_-OQO96xbasq5cGXC9eHPD6jIfGJG8Jc7w_tMUu_YtLj168Hs40tjofwFElO1MlloX7Fhm2e8e7_WBQ\/s2048\/edificio+ies+novo.jpg\" imageanchor=\"1\" style=\"margin-left: auto; margin-right: auto;\"><img loading=\"lazy\" decoding=\"async\" height=\"227\" src=\"https:\/\/blogger.googleusercontent.com\/img\/b\/R29vZ2xl\/AVvXsEgCfCS0o31kkVvFBUwVIuEg_JtZfxlLYn94-3l3fO_uJIHt6IHmGEEqJfH_-OQO96xbasq5cGXC9eHPD6jIfGJG8Jc7w_tMUu_YtLj168Hs40tjofwFElO1MlloX7Fhm2e8e7_WBQ\/s2048\/edificio+ies+novo.jpg\" width=\"640\" \/><\/a><\/td>\n<\/tr>\n<tr>\n<td class=\"tr-caption\" style=\"text-align: center;\">O edificio comezouse hai tempo, parouse, tomouse outra decisi\u00f3n para a s\u00e9 do ies, e, rec\u00e9n retomada a obra, este mesmo ano, cort\u00f3uselle a parte de enrriba (tam\u00e9n hai fotos no blog).<\/td>\n<\/tr>\n<\/tbody>\n<\/table>\n","protected":false},"excerpt":{"rendered":"<p>Publico isto o mesmo d\u00eda que sae na prensa a nova da reforma da constituci\u00f3n que di algo parello a que non nos fai falla endebedarnos &#8230; en Ribadeo, hab\u00eda un pavill\u00f3n vello, e haber\u00e1 un novo (non outro m\u00e1is, sen\u00f3n sinxelamente, outro). Un cambio, no que hai mont\u00f3ns de cascallos para aproveitar, e varios [&hellip;]<\/p>\n","protected":false},"author":3,"featured_media":0,"comment_status":"open","ping_status":"closed","sticky":false,"template":"","format":"standard","meta":{"activitypub_content_warning":"","activitypub_content_visibility":"","activitypub_max_image_attachments":3,"activitypub_interaction_policy_quote":"anyone","activitypub_status":"federated","footnotes":""},"categories":[1],"tags":[21,93,9],"class_list":["post-7823","post","type-post","status-publish","format-standard","hentry","category-sen-categoria","tag-economia","tag-fotos-ribadeo","tag-sociedade"],"_links":{"self":[{"href":"https:\/\/blogs.amarinha.gal\/ribadeando\/wp-json\/wp\/v2\/posts\/7823","targetHints":{"allow":["GET"]}}],"collection":[{"href":"https:\/\/blogs.amarinha.gal\/ribadeando\/wp-json\/wp\/v2\/posts"}],"about":[{"href":"https:\/\/blogs.amarinha.gal\/ribadeando\/wp-json\/wp\/v2\/types\/post"}],"author":[{"embeddable":true,"href":"https:\/\/blogs.amarinha.gal\/ribadeando\/wp-json\/wp\/v2\/users\/3"}],"replies":[{"embeddable":true,"href":"https:\/\/blogs.amarinha.gal\/ribadeando\/wp-json\/wp\/v2\/comments?post=7823"}],"version-history":[{"count":0,"href":"https:\/\/blogs.amarinha.gal\/ribadeando\/wp-json\/wp\/v2\/posts\/7823\/revisions"}],"wp:attachment":[{"href":"https:\/\/blogs.amarinha.gal\/ribadeando\/wp-json\/wp\/v2\/media?parent=7823"}],"wp:term":[{"taxonomy":"category","embeddable":true,"href":"https:\/\/blogs.amarinha.gal\/ribadeando\/wp-json\/wp\/v2\/categories?post=7823"},{"taxonomy":"post_tag","embeddable":true,"href":"https:\/\/blogs.amarinha.gal\/ribadeando\/wp-json\/wp\/v2\/tags?post=7823"}],"curies":[{"name":"wp","href":"https:\/\/api.w.org\/{rel}","templated":true}]}}