{"id":7813,"date":"2011-09-13T22:46:00","date_gmt":"2011-09-13T20:46:00","guid":{"rendered":""},"modified":"2024-11-12T14:41:11","modified_gmt":"2024-11-12T13:41:11","slug":"e-luz-fixose","status":"publish","type":"post","link":"https:\/\/blogs.amarinha.gal\/ribadeando\/2011\/09\/13\/e-luz-fixose\/","title":{"rendered":"&#8230; e a luz f\u00edxose"},"content":{"rendered":"<p>Comezan de novo (mellor, contin\u00faan) os cortes de luz que tanto tipifican a zona, vila inclu\u00edda. Haber\u00e1 que protestar \u00e1 compa\u00f1\u00eda de distribuci\u00f3n de novo? A vez pasada non fixo caso nin a cia, nin a xunta, nin o concello, nin &#8230;<\/p>\n","protected":false},"excerpt":{"rendered":"<p>Comezan de novo (mellor, contin\u00faan) os cortes de luz que tanto tipifican a zona, vila inclu\u00edda. Haber\u00e1 que protestar \u00e1 compa\u00f1\u00eda de distribuci\u00f3n de novo? A vez pasada non fixo caso nin a cia, nin a xunta, nin o concello, nin &#8230;<\/p>\n","protected":false},"author":3,"featured_media":0,"comment_status":"open","ping_status":"closed","sticky":false,"template":"","format":"standard","meta":{"activitypub_content_warning":"","activitypub_content_visibility":"","activitypub_max_image_attachments":3,"activitypub_interaction_policy_quote":"anyone","activitypub_status":"federated","footnotes":""},"categories":[1],"tags":[21,9],"class_list":["post-7813","post","type-post","status-publish","format-standard","hentry","category-sen-categoria","tag-economia","tag-sociedade"],"_links":{"self":[{"href":"https:\/\/blogs.amarinha.gal\/ribadeando\/wp-json\/wp\/v2\/posts\/7813","targetHints":{"allow":["GET"]}}],"collection":[{"href":"https:\/\/blogs.amarinha.gal\/ribadeando\/wp-json\/wp\/v2\/posts"}],"about":[{"href":"https:\/\/blogs.amarinha.gal\/ribadeando\/wp-json\/wp\/v2\/types\/post"}],"author":[{"embeddable":true,"href":"https:\/\/blogs.amarinha.gal\/ribadeando\/wp-json\/wp\/v2\/users\/3"}],"replies":[{"embeddable":true,"href":"https:\/\/blogs.amarinha.gal\/ribadeando\/wp-json\/wp\/v2\/comments?post=7813"}],"version-history":[{"count":0,"href":"https:\/\/blogs.amarinha.gal\/ribadeando\/wp-json\/wp\/v2\/posts\/7813\/revisions"}],"wp:attachment":[{"href":"https:\/\/blogs.amarinha.gal\/ribadeando\/wp-json\/wp\/v2\/media?parent=7813"}],"wp:term":[{"taxonomy":"category","embeddable":true,"href":"https:\/\/blogs.amarinha.gal\/ribadeando\/wp-json\/wp\/v2\/categories?post=7813"},{"taxonomy":"post_tag","embeddable":true,"href":"https:\/\/blogs.amarinha.gal\/ribadeando\/wp-json\/wp\/v2\/tags?post=7813"}],"curies":[{"name":"wp","href":"https:\/\/api.w.org\/{rel}","templated":true}]}}