{"id":7809,"date":"2011-09-19T07:46:00","date_gmt":"2011-09-19T05:46:00","guid":{"rendered":""},"modified":"2024-11-12T14:41:05","modified_gmt":"2024-11-12T13:41:05","slug":"por-fin-os-plenos-na-web-do-concello","status":"publish","type":"post","link":"https:\/\/blogs.amarinha.gal\/ribadeando\/2011\/09\/19\/por-fin-os-plenos-na-web-do-concello\/","title":{"rendered":"Por fin, os plenos na web do concello"},"content":{"rendered":"<p>Coido que sirva para aumentar a participaci\u00f3n. Polo momento, un intento m\u00e1is. Corto e pego <a href=\"http:\/\/www.ribadeo.org\/eadministracion\/aviso.php?id=196&amp;lg=gal\">dende a web do concello<\/a>:<\/p>\n<p>&#8221;<\/p>\n<p class=\"antetitulo\">SESI\u00d3N ORDINARIA \u00c1S 20 HORAS<\/p>\n<h3 class=\"ante\">Pleno o vindeiro luns<\/h3>\n<p>O vindeiro luns, 19 de setembro, haber\u00e1 pleno no Concello de  Ribadeo. A sesi\u00f3n ordinaria dar\u00e1 comezo \u00e1s 20 horas. Entre os puntos que  se abordar\u00e1n figuran: a aprobaci\u00f3n, si procede, da acta anterior  correspondente \u00e1 sesi\u00f3n ordinaria de 11 de xullo de 2011; renuncia do  concelleiro de Uni\u00f3n do Pobo Ribadense -UPRI- D.Francisco Rivas \u00c1lvarez  ao posto de concelleiro; imposici\u00f3n e ordenaci\u00f3n do imposto sobre o  incremento de valor dos terreos de natureza urbana; resoluci\u00f3n de  alegaci\u00f3n e aprobaci\u00f3n definitiva de ordenanza reguladora de apertura de  establecementos para o exercizo de actividades non sometidas a  avaliaci\u00f3n de incidencia ambiental; resoluci\u00f3n de alegaci\u00f3n e aprobaci\u00f3n  definitiva de ordenanza fiscal reguladora da taxa pola realizaci\u00f3n de  actividades administrativas de inspecci\u00f3n, control e verificaci\u00f3n de  actividades en r\u00e9xime de declaraci\u00f3n responsable;&nbsp;festivos locais para o  2012, de conformidade co disposto no Decreto 128\/2011, de 30 de xu\u00f1o;  designaci\u00f3n de vocal titular e suplente como representantes do Concello  na rede galega de Concellos pola sostibilidade; designaci\u00f3n de  representantes titular e suplente no Consello Territorial da Propiedade  Inmobiliaria; reclamaci\u00f3n previa da comunidade de montes en man com\u00fan  Monte Cordal, en relaci\u00f3n a finca de titularidade municipal; control dos  \u00f3rganos da Corporaci\u00f3n; daci\u00f3n de conta, decretos da alcald\u00eda, rogo,  preguntas e moci\u00f3ns (unha do PP sobre cat\u00e1longo priorizado de productos  farmac\u00e9uticos e outra do BNG sobre devoluci\u00f3n correspondentes \u00e1s  liquidaci\u00f3ns negativas da participaci\u00f3n nos ingresos do Estado. <\/p>\n<p>&#8220;<\/p>\n","protected":false},"excerpt":{"rendered":"<p>Coido que sirva para aumentar a participaci\u00f3n. Polo momento, un intento m\u00e1is. Corto e pego dende a web do concello: &#8221; SESI\u00d3N ORDINARIA \u00c1S 20 HORAS Pleno o vindeiro luns O vindeiro luns, 19 de setembro, haber\u00e1 pleno no Concello de Ribadeo. A sesi\u00f3n ordinaria dar\u00e1 comezo \u00e1s 20 horas. Entre os puntos que se [&hellip;]<\/p>\n","protected":false},"author":3,"featured_media":0,"comment_status":"open","ping_status":"closed","sticky":false,"template":"","format":"standard","meta":{"activitypub_content_warning":"","activitypub_content_visibility":"","activitypub_max_image_attachments":3,"activitypub_interaction_policy_quote":"anyone","activitypub_status":"federated","footnotes":""},"categories":[1],"tags":[42],"class_list":["post-7809","post","type-post","status-publish","format-standard","hentry","category-sen-categoria","tag-plenos"],"_links":{"self":[{"href":"https:\/\/blogs.amarinha.gal\/ribadeando\/wp-json\/wp\/v2\/posts\/7809","targetHints":{"allow":["GET"]}}],"collection":[{"href":"https:\/\/blogs.amarinha.gal\/ribadeando\/wp-json\/wp\/v2\/posts"}],"about":[{"href":"https:\/\/blogs.amarinha.gal\/ribadeando\/wp-json\/wp\/v2\/types\/post"}],"author":[{"embeddable":true,"href":"https:\/\/blogs.amarinha.gal\/ribadeando\/wp-json\/wp\/v2\/users\/3"}],"replies":[{"embeddable":true,"href":"https:\/\/blogs.amarinha.gal\/ribadeando\/wp-json\/wp\/v2\/comments?post=7809"}],"version-history":[{"count":0,"href":"https:\/\/blogs.amarinha.gal\/ribadeando\/wp-json\/wp\/v2\/posts\/7809\/revisions"}],"wp:attachment":[{"href":"https:\/\/blogs.amarinha.gal\/ribadeando\/wp-json\/wp\/v2\/media?parent=7809"}],"wp:term":[{"taxonomy":"category","embeddable":true,"href":"https:\/\/blogs.amarinha.gal\/ribadeando\/wp-json\/wp\/v2\/categories?post=7809"},{"taxonomy":"post_tag","embeddable":true,"href":"https:\/\/blogs.amarinha.gal\/ribadeando\/wp-json\/wp\/v2\/tags?post=7809"}],"curies":[{"name":"wp","href":"https:\/\/api.w.org\/{rel}","templated":true}]}}