{"id":7803,"date":"2011-09-23T08:01:00","date_gmt":"2011-09-23T06:01:00","guid":{"rendered":""},"modified":"2024-11-12T14:40:55","modified_gmt":"2024-11-12T13:40:55","slug":"pasandose","status":"publish","type":"post","link":"https:\/\/blogs.amarinha.gal\/ribadeando\/2011\/09\/23\/pasandose\/","title":{"rendered":"Pas\u00e1ndose"},"content":{"rendered":"<p>Unha m\u00e1is de pol\u00edticos. O de onte e antonte no consello da tve \u00e9 unha pasada. Agora resulta que os pol\u00edticos queren intervir &#8216;direitamente&#8217; (indireitamente, levan tempo fac\u00e9ndoo) nos telediarios. E non s\u00f3 iso, sen\u00f3n que, \u00f3 seren descobertos, aparece un mar de contradicci\u00f3ns. A pesar diso, a volta atr\u00e1s a\u00ednda non se ve. Tampouco se ven os pol\u00edticos de recambio &#8230;<\/p>\n<p>Algunhas ligaz\u00f3ns:<\/p>\n<p><a href=\"http:\/\/feedproxy.google.com\/%7Er\/ElBlogDeEnriqueDans\/%7E3\/4pPuzXepS6c\/twitterpolitica-mi-columna-en-expansion.html\">No blog de E. Dans<\/a><\/p>\n<p><a href=\"http:\/\/www.publico.es\/televisionygente\/397884\/trabajadores\/rtve\/piden\/dimision\/nueve\/consejeros\">Resposta dos traballadores<\/a><\/p>\n<p><a href=\"http:\/\/www.publico.es\/televisionygente\/397775\/consejero\/rtve\/propuesto\/ciu\/convencio\/psoe\">Un detalle, entre outros rocambolescos<\/a><\/p>\n<p>Nota do 20110923: <a href=\"http:\/\/imagenes.publico-estaticos.es\/resources\/archivos\/2011\/9\/23\/1316786812053Comunicado%20del%20consejo%20de%20RTVE.pdf\">marcha atr\u00e1s<\/a><\/p>\n","protected":false},"excerpt":{"rendered":"<p>Unha m\u00e1is de pol\u00edticos. O de onte e antonte no consello da tve \u00e9 unha pasada. Agora resulta que os pol\u00edticos queren intervir &#8216;direitamente&#8217; (indireitamente, levan tempo fac\u00e9ndoo) nos telediarios. E non s\u00f3 iso, sen\u00f3n que, \u00f3 seren descobertos, aparece un mar de contradicci\u00f3ns. A pesar diso, a volta atr\u00e1s a\u00ednda non se ve. Tampouco [&hellip;]<\/p>\n","protected":false},"author":3,"featured_media":0,"comment_status":"open","ping_status":"closed","sticky":false,"template":"","format":"standard","meta":{"activitypub_content_warning":"","activitypub_content_visibility":"","activitypub_max_image_attachments":3,"activitypub_interaction_policy_quote":"anyone","activitypub_status":"federated","footnotes":""},"categories":[1],"tags":[13],"class_list":["post-7803","post","type-post","status-publish","format-standard","hentry","category-sen-categoria","tag-politica"],"_links":{"self":[{"href":"https:\/\/blogs.amarinha.gal\/ribadeando\/wp-json\/wp\/v2\/posts\/7803","targetHints":{"allow":["GET"]}}],"collection":[{"href":"https:\/\/blogs.amarinha.gal\/ribadeando\/wp-json\/wp\/v2\/posts"}],"about":[{"href":"https:\/\/blogs.amarinha.gal\/ribadeando\/wp-json\/wp\/v2\/types\/post"}],"author":[{"embeddable":true,"href":"https:\/\/blogs.amarinha.gal\/ribadeando\/wp-json\/wp\/v2\/users\/3"}],"replies":[{"embeddable":true,"href":"https:\/\/blogs.amarinha.gal\/ribadeando\/wp-json\/wp\/v2\/comments?post=7803"}],"version-history":[{"count":0,"href":"https:\/\/blogs.amarinha.gal\/ribadeando\/wp-json\/wp\/v2\/posts\/7803\/revisions"}],"wp:attachment":[{"href":"https:\/\/blogs.amarinha.gal\/ribadeando\/wp-json\/wp\/v2\/media?parent=7803"}],"wp:term":[{"taxonomy":"category","embeddable":true,"href":"https:\/\/blogs.amarinha.gal\/ribadeando\/wp-json\/wp\/v2\/categories?post=7803"},{"taxonomy":"post_tag","embeddable":true,"href":"https:\/\/blogs.amarinha.gal\/ribadeando\/wp-json\/wp\/v2\/tags?post=7803"}],"curies":[{"name":"wp","href":"https:\/\/api.w.org\/{rel}","templated":true}]}}