{"id":7796,"date":"2011-10-03T19:51:00","date_gmt":"2011-10-03T17:51:00","guid":{"rendered":""},"modified":"2024-11-12T14:40:38","modified_gmt":"2024-11-12T13:40:38","slug":"un-comunicado-da-asamblea-15m-celebrada","status":"publish","type":"post","link":"https:\/\/blogs.amarinha.gal\/ribadeando\/2011\/10\/03\/un-comunicado-da-asamblea-15m-celebrada\/","title":{"rendered":"Un comunicado da Asamblea 15M celebrada o fin de semana pasado en Navia"},"content":{"rendered":"<p>El 15 de Mayo algunos vecinos de la Mari\u00f1a y el occidente asturiano salimos a la calle, con otras muchas personas de toda Espa\u00f1a, manifestando nuestra indignaci\u00f3n por los atropellos que estamos sufriendo y para conseguir una sociedad m\u00e1s justa.<\/p>\n<p>Somos personas pac\u00edficas, de diferentes edades y profesi\u00f3n, unidas por la necesidad de defender nuestros derechos y dignidad,  dispuestas a no dejarnos arrebatar lo que tanto cost\u00f3 conseguir: el derecho de todos a  la salud, a la educaci\u00f3n, a la vivienda y a un trabajo dignos.<\/p>\n<p>Estamos viendo c\u00f3mo aqu\u00ed \u2013 igual que antes en  Grecia, Italia, Portugal o Irlanda \u2013 esos derechos est\u00e1n siendo cada d\u00eda m\u00e1s pisoteados por unos pol\u00edticos que protegen los intereses de banqueros y especuladores que con la crisis se siguen enriqueciendo cada vez m\u00e1s, mientras a los trabajadores y a las peque\u00f1as empresas se les exigen cada vez m\u00e1s sacrificios:<\/p>\n<p>Se congelan o bajan sueldos y pensiones de todos los ciudadanos, pero no las retribuciones y privilegios de los pol\u00edticos, ni los ingresos de los Consejeros de empresa, y mucho menos las ganancias de los inversores financieros.<\/p>\n<p>El paro crece, a causa de los despidos masivos y el cierre de peque\u00f1as empresas, dejando sin recursos a millones de familias.<\/p>\n<p>Se deteriora  salud, al recortarse los medios destinados a la Sanidad P\u00fablica.<\/p>\n<p>Se reducen los fondos destinados a la Escuela P\u00fablica, mientras se aumentan los de la Concertada.<\/p>\n<p>Se eliminan  las ayudas sociales a los sectores m\u00e1s desfavorecidos (ancianos, discapacitados\u2026)<\/p>\n<p>Centenares de miles de familias se quedan en la calle, al no poder afrontar el pago de la hipoteca de su piso. Adem\u00e1s, pierden  todo lo que ya han pagado y  a\u00fan deben a los bancos rapi\u00f1eros el resto del capital e intereses del pr\u00e9stamo. <\/p>\n<p>Sabemos que ese no es el camino, que eso no es lo que la mayor\u00eda de la gente queremos, y que hay otra manera de afrontar esta crisis:<\/p>\n<p>Haciendo pagar m\u00e1s a los que m\u00e1s tienen  y que, encima, siguen sacando beneficios de esta situaci\u00f3n que ellos mismos han provocado.<\/p>\n<p>Reclamando  una democracia real y participativa, que impida que  los pol\u00edticos incumplan, sin responsabilidad alguna, sus promesas electorales e ignoren la voluntad popular.<\/p>\n<p>Exigiendo a nuestros gobernantes que sirvan a nuestros intereses  y no a los especuladores, que dejen de mentir, de manipular y de jugar con nuestro pan, nuestras vidas y nuestra dignidad  en beneficio de unos insaciables poderes econ\u00f3micos.<\/p>\n<p>Gracias a nuestras movilizaciones ya se han conseguido algunas cosas:<\/p>\n<p>Que se haga p\u00fablico  el patrimonio de nuestros dirigentes.<\/p>\n<p> Que la clase pol\u00edtica empiece a hablar de recortes a sus privilegios. Incluso que algunos alcaldes hayan moderado sus aumentos desorbitados de sueldo, presionados por las protestas.<\/p>\n<p>Que hasta algunos muy, muy ricos hayan dicho p\u00fablicamente que se les deber\u00edan subir sus impuestos.<\/p>\n<p>Que se est\u00e9 haciendo frente a los intentos de  desmantelar la Sanidad y la Escuela P\u00fablica.<\/p>\n<p>Que se hayan paralizado muchos desahucios.<\/p>\n<p>Que se haya puesto en marcha una iniciativa popular de cambio de Ley, para que la daci\u00f3n en pago del piso baste para saldar una deuda hipotecaria.<\/p>\n<p>NOS QUEDA MUCHO CAMINO POR RECORRER : T\u00da HACES FALTA, SI QUIERES UN MUNDO MEJOR<\/p>\n<p> \u00a1\u00a1\u00a1 REACCIONA !!! <\/p>\n<p>Asamblea ciudadana Occidente Asturiano-Mari\u00f1a Lucense                     http:\/\/asambleaoccidentemarina.blogspot.com<\/p>\n","protected":false},"excerpt":{"rendered":"<p>El 15 de Mayo algunos vecinos de la Mari\u00f1a y el occidente asturiano salimos a la calle, con otras muchas personas de toda Espa\u00f1a, manifestando nuestra indignaci\u00f3n por los atropellos que estamos sufriendo y para conseguir una sociedad m\u00e1s justa. Somos personas pac\u00edficas, de diferentes edades y profesi\u00f3n, unidas por la necesidad de defender nuestros [&hellip;]<\/p>\n","protected":false},"author":3,"featured_media":0,"comment_status":"open","ping_status":"closed","sticky":false,"template":"","format":"standard","meta":{"activitypub_content_warning":"","activitypub_content_visibility":"","activitypub_max_image_attachments":3,"activitypub_interaction_policy_quote":"anyone","activitypub_status":"federated","footnotes":""},"categories":[1],"tags":[102],"class_list":["post-7796","post","type-post","status-publish","format-standard","hentry","category-sen-categoria","tag-15m"],"_links":{"self":[{"href":"https:\/\/blogs.amarinha.gal\/ribadeando\/wp-json\/wp\/v2\/posts\/7796","targetHints":{"allow":["GET"]}}],"collection":[{"href":"https:\/\/blogs.amarinha.gal\/ribadeando\/wp-json\/wp\/v2\/posts"}],"about":[{"href":"https:\/\/blogs.amarinha.gal\/ribadeando\/wp-json\/wp\/v2\/types\/post"}],"author":[{"embeddable":true,"href":"https:\/\/blogs.amarinha.gal\/ribadeando\/wp-json\/wp\/v2\/users\/3"}],"replies":[{"embeddable":true,"href":"https:\/\/blogs.amarinha.gal\/ribadeando\/wp-json\/wp\/v2\/comments?post=7796"}],"version-history":[{"count":0,"href":"https:\/\/blogs.amarinha.gal\/ribadeando\/wp-json\/wp\/v2\/posts\/7796\/revisions"}],"wp:attachment":[{"href":"https:\/\/blogs.amarinha.gal\/ribadeando\/wp-json\/wp\/v2\/media?parent=7796"}],"wp:term":[{"taxonomy":"category","embeddable":true,"href":"https:\/\/blogs.amarinha.gal\/ribadeando\/wp-json\/wp\/v2\/categories?post=7796"},{"taxonomy":"post_tag","embeddable":true,"href":"https:\/\/blogs.amarinha.gal\/ribadeando\/wp-json\/wp\/v2\/tags?post=7796"}],"curies":[{"name":"wp","href":"https:\/\/api.w.org\/{rel}","templated":true}]}}