{"id":7794,"date":"2011-10-07T13:00:00","date_gmt":"2011-10-07T11:00:00","guid":{"rendered":""},"modified":"2024-11-12T14:40:35","modified_gmt":"2024-11-12T13:40:35","slug":"de-exame","status":"publish","type":"post","link":"https:\/\/blogs.amarinha.gal\/ribadeando\/2011\/10\/07\/de-exame\/","title":{"rendered":"De exame"},"content":{"rendered":"<p>Repasando papeis, chega \u00e1 mi\u00f1a vista o texto seguinte:<\/p>\n<p>&#8220;Polo tanto, onde queira que calquera n\u00famero de persoas se xunten nunha sociedade dispostas a abandoar cada un o seu poder executivo da lei da natureza, e a renunciar a el en favor do poder p\u00fablico, al\u00ed e s\u00f3 al\u00ed haber\u00e1 unha sociedade pol\u00edtica ou civil&#8221;<\/p>\n<p>A cita \u00e9 de Locke, collida de Dous tratados sobre o goberno, LII, e &#8216;caeu&#8217; na selectividade este setembro en Galicia.<\/p>\n<p>Non est\u00e1 mal para reflexionar sobre ela: as persoas te\u00f1en que estar dispostas (\u00e9 dicir, ter conciencia, non abandono) e polo tanto ter unha comprensi\u00f3n da situaci\u00f3n, non un deixarse levar polas circunstancias. As\u00ed, pode considerarse a actual sociedade espa\u00f1ola unha &#8216;sociedade pol\u00edtica ou civil&#8217;?<\/p>\n","protected":false},"excerpt":{"rendered":"<p>Repasando papeis, chega \u00e1 mi\u00f1a vista o texto seguinte: &#8220;Polo tanto, onde queira que calquera n\u00famero de persoas se xunten nunha sociedade dispostas a abandoar cada un o seu poder executivo da lei da natureza, e a renunciar a el en favor do poder p\u00fablico, al\u00ed e s\u00f3 al\u00ed haber\u00e1 unha sociedade pol\u00edtica ou civil&#8221; [&hellip;]<\/p>\n","protected":false},"author":3,"featured_media":0,"comment_status":"open","ping_status":"closed","sticky":false,"template":"","format":"standard","meta":{"activitypub_content_warning":"","activitypub_content_visibility":"","activitypub_max_image_attachments":3,"activitypub_interaction_policy_quote":"anyone","activitypub_status":"federated","footnotes":""},"categories":[1],"tags":[32],"class_list":["post-7794","post","type-post","status-publish","format-standard","hentry","category-sen-categoria","tag-filosofia"],"_links":{"self":[{"href":"https:\/\/blogs.amarinha.gal\/ribadeando\/wp-json\/wp\/v2\/posts\/7794","targetHints":{"allow":["GET"]}}],"collection":[{"href":"https:\/\/blogs.amarinha.gal\/ribadeando\/wp-json\/wp\/v2\/posts"}],"about":[{"href":"https:\/\/blogs.amarinha.gal\/ribadeando\/wp-json\/wp\/v2\/types\/post"}],"author":[{"embeddable":true,"href":"https:\/\/blogs.amarinha.gal\/ribadeando\/wp-json\/wp\/v2\/users\/3"}],"replies":[{"embeddable":true,"href":"https:\/\/blogs.amarinha.gal\/ribadeando\/wp-json\/wp\/v2\/comments?post=7794"}],"version-history":[{"count":0,"href":"https:\/\/blogs.amarinha.gal\/ribadeando\/wp-json\/wp\/v2\/posts\/7794\/revisions"}],"wp:attachment":[{"href":"https:\/\/blogs.amarinha.gal\/ribadeando\/wp-json\/wp\/v2\/media?parent=7794"}],"wp:term":[{"taxonomy":"category","embeddable":true,"href":"https:\/\/blogs.amarinha.gal\/ribadeando\/wp-json\/wp\/v2\/categories?post=7794"},{"taxonomy":"post_tag","embeddable":true,"href":"https:\/\/blogs.amarinha.gal\/ribadeando\/wp-json\/wp\/v2\/tags?post=7794"}],"curies":[{"name":"wp","href":"https:\/\/api.w.org\/{rel}","templated":true}]}}