{"id":7793,"date":"2011-10-07T21:34:00","date_gmt":"2011-10-07T19:34:00","guid":{"rendered":""},"modified":"2024-11-12T14:40:34","modified_gmt":"2024-11-12T13:40:34","slug":"non-entendo-pero-hai-diferenzas","status":"publish","type":"post","link":"https:\/\/blogs.amarinha.gal\/ribadeando\/2011\/10\/07\/non-entendo-pero-hai-diferenzas\/","title":{"rendered":"Non entendo, pero hai diferenzas."},"content":{"rendered":"<p>Deixo tres apontamentos diferentes para xulgar, sen m\u00e1is comentarios:<\/p>\n<p>1.D\u00edas antes das pasadas elecci\u00f3ns, en pleno de maio pasado, aprobouse o que se deu despois en <a href=\"http:\/\/www.ribadeo.org\/actualidade\/nova.php?id=752&amp;lg=gal\">nota de prensa<\/a> como: &#8216;Na \u00faltima sesi\u00f3n plenaria deste mandato a Corporaci\u00f3n de Ribadeo aprobou unha normativa de rexistro de intereses &#8220;para que os concelleiros da nova Corporaci\u00f3n e das sucesivas Corporaci\u00f3ns te\u00f1an a obriga ou a necesidade de declarar o seu patrimonio de maneira p\u00fablica e a\u00ed todos acordamos por unanimidade que as\u00ed sexa&#8221;.&#8217;<\/p>\n<p>2.Hoxe a prensa lembraba o tema cun titular: <a href=\"http:\/\/www.lavozdegalicia.es\/amarina\/2011\/10\/07\/0003_201110X7C6992.htm\">Su\u00e1rez sigue sin hacer p\u00fablico su patrimonio y el de los ediles ribadenses<\/a>.<\/p>\n<p>3.E, se imos <a href=\"http:\/\/www.ribadeo.org\/eadministracion\/plenosd.php?id=26&amp;lg=gal\">na procura da acta<\/a> (por certo, algu\u00e9n sabe por que hai outro &#8216;buraco negro&#8217; na web do concello na acta correspondente a marzo?) do pleno, temos que foi aprobado un regulamento co texto:<\/p>\n<p><em>PRIMEIRO.- Obriga de declarar<\/em><\/p>\n<p><em><\/p>\n<p><\/em><\/p>\n<p><em>1. Todos os Concelleiros e Concelleiras formular\u00e1n declaraci\u00f3n sobre causas de posible incompatibilidade e sobre calquera actividade que lles proporcione ou poida proporcionar ingresos econ\u00f3micos,  e da participaci\u00f3n en sociedades de todo tipo, con informaci\u00f3n das sociedades por elas participadas e das liquidaci\u00f3ns dos impostos sobre a Renda, Patrimonio e Sociedades, no seu caso. <\/em><\/p>\n<p><em>2. As declaraci\u00f3ns levaranse a cabo antes da toma de posesi\u00f3n do cargo, con ocasi\u00f3n do cesamento e ao final do mandato, e cando se modifiquen as circunstancias de feito, neste caso no prazo dun mes a contar   dende o d\u00eda en que se produciron.<\/em><\/p>\n<p><em><\/p>\n<p><\/em><\/p>\n<p><em>No caso das declaraci\u00f3ns das liquidaci\u00f3ns dos impostos sobre a Renda, Patrimonio e Sociedades, no seu caso,  faranse con car\u00e1cter anual, unha vez rematado o exercicio fiscal. <\/em><\/p>\n<p><em>3. As declaraci\u00f3ns efectuaranse nos modelos aprobados polo Pleno, de conformidade con canto se establece polo artigo 75.7, ali\u00f1a segunda, da Lei 7\/1985, do 2 de abril.<\/em><\/p>\n<p><em><\/p>\n<p><\/em><\/p>\n<p><em>SEGUNDO.- Contido das declaraci\u00f3ns<\/em><\/p>\n<p><em><\/p>\n<p><\/em><\/p>\n<p><em>&nbsp;Xunto \u00e1  data e a identidade do declarante, a sinatura do interesado e do Secretario da Corporaci\u00f3n na s\u00faa calidade de fedatario p\u00fablico municipal, o contido m\u00ednimo debe ser o seguinte:<\/em><\/p>\n<p><em><\/p>\n<p><\/em><\/p>\n<p><em>1. Declaraci\u00f3n de bens  e dereitos patrimoniais<\/em><\/p>\n<p><em><\/p>\n<p><\/em><\/p>\n<p><em>Identificaci\u00f3n dos  bens patrimoniais e da participaci\u00f3n en sociedades de todo tipo, con informaci\u00f3n das sociedades por elas participadas.<\/em><\/p>\n<p><em>a. Patrimonio inmobiliario declarase: os bens inmobles, tanto de natureza r\u00fastica como urbana, o seu valor catastral, data de adquisici\u00f3n e t\u00edtulo adquisitivo, clase de dereito real que se ostenta e porcentaxe de participaci\u00f3n.<\/em><\/p>\n<p><em>b. Patrimonio mobiliario: dep\u00f3sitos bancarios en calquera modalidade, acci\u00f3ns, participaci\u00f3ns de todo tipo  en Sociedades e Instituci\u00f3ns de investimento colectivo, seguros de vida, plans de pensi\u00f3ns e xubilaci\u00f3n, d\u00e9beda p\u00fablica, bonos do tesouro, etc.<\/em><\/p>\n<p><em>c. Outros bens e dereitos patrimonias: veh\u00edculos (autom\u00f3viles, embarcaci\u00f3ns. motocicletas, aeronaves).<\/em><\/p>\n<p><em>d. Bens mobles de especial valor: obxectos de arte, etc.<\/em><\/p>\n<p><em>e. Semoventes.<\/em><\/p>\n<p><em>f. Pr\u00e9stamos e outras d\u00e9bedas<\/em><\/p>\n<p><em><\/p>\n<p><\/em><\/p>\n<p><em>2. Declaraci\u00f3n de actividades e causas de posible incompatibilidade.<\/em><\/p>\n<p><em><\/p>\n<p><\/em><\/p>\n<p><em>Causas de posible incompatibilidade e sobre calquera actividade que lles e sobre calquera actividade que lles proporcione ou poida proporcionar ingresos econ\u00f3micos. <\/em><\/p>\n<p><em>a. Actividades mercant\u00eds, industriais, profesionais, etc.<\/em><\/p>\n<p><em>b. Postos de traballo e cargos, no seu caso, no sector p\u00fablico e no sector privado<\/em><\/p>\n<p><em>(Entenderase por Sector P\u00fablico o definido as\u00ed na Lei Xeral Orzamentaria)<\/em><\/p>\n<p><em><\/p>\n<p><\/em><\/p>\n<p><em>3. Declaraci\u00f3n sobre as liquidaci\u00f3ns anuais dos impostos sobre a Renda, Patrimonio e Sociedades, no seu caso. <\/em><\/p>\n<p><em>Estas declaraci\u00f3ns realizaranse mediante fotocopia compulsada das respectivas liquidaci\u00f3ns.<\/em><\/p>\n<p><em>TERCEIRO.- Rexistros de Intereses<\/em><\/p>\n<p><em><\/p>\n<p><\/em><\/p>\n<p><em>1. As declaraci\u00f3ns inscribiranse nos rexistros de intereses constitu\u00eddos no Concello: Rexistro de Causas de Posibles Incompatibilidades e de Actividades e  Rexistro de Bens Patrimoniais.<\/em><\/p>\n<p><em>2. A levanza e custodia dos rexistros de intereses corresponderalle en exclusiva \u00e1 Secretar\u00eda Xeral do Concello.<\/em><\/p>\n<p><em>CUARTO.-  Acceso aos Rexistros.<\/em><\/p>\n<p><em><\/p>\n<p><\/em><\/p>\n<p><em>1. Calquera cidad\u00e1n a t\u00edtulo individual ou en representaci\u00f3n de persoa xur\u00eddica que desexe ter acceso \u00e1s declaraci\u00f3ns, deber\u00e1 presentar no Rexistro Xeral do Concello ou polos medios do artigo 38 Lei 30\/1992, unha solicitude, motivada ,que deber\u00e1 reunir os requisitos que establece o artigo 70 da devandita Lei, con indicaci\u00f3n dos datos persoais do membro corporativo sobre cuxa declaraci\u00f3n de actividades inter\u00e9sase a consulta. As solicitudes xen\u00e9ricas de acceso non son admisibles.<\/em><\/p>\n<p><em>2. Por Decreto do Alcalde-presidente autorizarase o acceso sinal\u00e1ndose d\u00eda e hora para facelo efectivo. O acceso realizase mediante comparecencia do solicitante diante da Secretaria ou Secretario do Concello que lle exhibir\u00e1 as declaraci\u00f3ns correspondentes. Do decreto dar\u00e1selle traslado ao Concelleiro ou Concelleira interesados, para o seu co\u00f1ecemento.<\/em><\/p>\n<p><em><\/p>\n<p><\/em><\/p>\n<p><em>O r\u00e9xime de silencio administrativo ser\u00e1 o previsto polo artigo 43 da Lei 30\/1992, do 26 de novembro, do r\u00e9xime xur\u00eddico das Administraci\u00f3ns P\u00fablicas e do procedemento administrativo com\u00fan<\/em><\/p>\n<p><em>QUINTO.- Publicidade <\/em><\/p>\n<p><em><\/p>\n<p><\/em><\/p>\n<p><em>De conformidade co disposto no art.75.7 da Lei 7\/1985, de 2 de abril, establ\u00e9cese:<\/em><\/p>\n<p><em><\/p>\n<p><\/em><\/p>\n<p><em>Primeira.- En tanto non se aprobe o Estatuto municipal invocado polo artigo 75.7da Lei 7\/1985 de 2 de abril, no que se determine o contido das declaraci\u00f3ns anuais de  bens e actividades e os termos da s\u00faa publicaci\u00f3n, a publicidade das declaraci\u00f3ns farase a trav\u00e9s de anuncio no Bolet\u00edn Oficial  da provincia, no que conste que os Rexistros de Intereses at\u00f3panse \u00e1 disposici\u00f3n de calquera cidad\u00e1n na Secretar\u00eda do Concello, no horario de oficinas, de luns a venres, sendo o r\u00e9xime de acceso o establecido no par\u00e1grafo cuarto da parte dispositiva do acordo plenario que se adopte<\/em><\/p>\n<p><em>Segunda.- Amais do anuncio referido, a publicidade efectuarase mediante un resumo das declaraci\u00f3ns, relativas aos mesmos, na  p\u00e1x. Web do Concello, sempre que o Sr.Concelleiro autorice.\u201d<\/em><\/p>\n","protected":false},"excerpt":{"rendered":"<p>Deixo tres apontamentos diferentes para xulgar, sen m\u00e1is comentarios: 1.D\u00edas antes das pasadas elecci\u00f3ns, en pleno de maio pasado, aprobouse o que se deu despois en nota de prensa como: &#8216;Na \u00faltima sesi\u00f3n plenaria deste mandato a Corporaci\u00f3n de Ribadeo aprobou unha normativa de rexistro de intereses &#8220;para que os concelleiros da nova Corporaci\u00f3n e [&hellip;]<\/p>\n","protected":false},"author":3,"featured_media":0,"comment_status":"open","ping_status":"closed","sticky":false,"template":"","format":"standard","meta":{"activitypub_content_warning":"","activitypub_content_visibility":"","activitypub_max_image_attachments":3,"activitypub_interaction_policy_quote":"anyone","activitypub_status":"federated","footnotes":""},"categories":[1],"tags":[13],"class_list":["post-7793","post","type-post","status-publish","format-standard","hentry","category-sen-categoria","tag-politica"],"_links":{"self":[{"href":"https:\/\/blogs.amarinha.gal\/ribadeando\/wp-json\/wp\/v2\/posts\/7793","targetHints":{"allow":["GET"]}}],"collection":[{"href":"https:\/\/blogs.amarinha.gal\/ribadeando\/wp-json\/wp\/v2\/posts"}],"about":[{"href":"https:\/\/blogs.amarinha.gal\/ribadeando\/wp-json\/wp\/v2\/types\/post"}],"author":[{"embeddable":true,"href":"https:\/\/blogs.amarinha.gal\/ribadeando\/wp-json\/wp\/v2\/users\/3"}],"replies":[{"embeddable":true,"href":"https:\/\/blogs.amarinha.gal\/ribadeando\/wp-json\/wp\/v2\/comments?post=7793"}],"version-history":[{"count":0,"href":"https:\/\/blogs.amarinha.gal\/ribadeando\/wp-json\/wp\/v2\/posts\/7793\/revisions"}],"wp:attachment":[{"href":"https:\/\/blogs.amarinha.gal\/ribadeando\/wp-json\/wp\/v2\/media?parent=7793"}],"wp:term":[{"taxonomy":"category","embeddable":true,"href":"https:\/\/blogs.amarinha.gal\/ribadeando\/wp-json\/wp\/v2\/categories?post=7793"},{"taxonomy":"post_tag","embeddable":true,"href":"https:\/\/blogs.amarinha.gal\/ribadeando\/wp-json\/wp\/v2\/tags?post=7793"}],"curies":[{"name":"wp","href":"https:\/\/api.w.org\/{rel}","templated":true}]}}