{"id":7790,"date":"2011-10-11T09:15:00","date_gmt":"2011-10-11T07:15:00","guid":{"rendered":""},"modified":"2024-11-12T14:40:28","modified_gmt":"2024-11-12T13:40:28","slug":"informacion-e-poder-e-o-control-da-sua","status":"publish","type":"post","link":"https:\/\/blogs.amarinha.gal\/ribadeando\/2011\/10\/11\/informacion-e-poder-e-o-control-da-sua\/","title":{"rendered":"Informaci\u00f3n \u00e9 poder. E o control da s\u00faa distribuci\u00f3n, tam\u00e9n."},"content":{"rendered":"<p>A 40 d\u00edas das novas elecci\u00f3ns, preg\u00fantome polos cartos invertidos polos partidos nas propias elecci\u00f3ns. \u00e9 dicir, en prodigar a &#8216;s\u00faa&#8217; informaci\u00f3n, a propaganda e en xeral a comunicaci\u00f3n institucional, que d\u00e9moslle o mesmo nome ou non, serve \u00f3 mesmo fin. Aqu\u00ed rem\u00e1tase tendo unha vaga idea tempo despois das elecci\u00f3ns, mentras que noutros lugares como nos EUA o anuncio da propia recadaci\u00f3n de cartos ven sendo como un preludio dos resultados. No sistema actual o ter unha transparencia financieira do proceso electoral poder\u00eda axudar a que a democracia fora algo m\u00e1is real&#8230;<\/p>\n<p>Mentras, algu\u00e9n sabe das contas dalg\u00fan partido de cara a este proceso? Os presupostos xa deberan estar feitos &#8230;<\/p>\n","protected":false},"excerpt":{"rendered":"<p>A 40 d\u00edas das novas elecci\u00f3ns, preg\u00fantome polos cartos invertidos polos partidos nas propias elecci\u00f3ns. \u00e9 dicir, en prodigar a &#8216;s\u00faa&#8217; informaci\u00f3n, a propaganda e en xeral a comunicaci\u00f3n institucional, que d\u00e9moslle o mesmo nome ou non, serve \u00f3 mesmo fin. Aqu\u00ed rem\u00e1tase tendo unha vaga idea tempo despois das elecci\u00f3ns, mentras que noutros lugares [&hellip;]<\/p>\n","protected":false},"author":3,"featured_media":0,"comment_status":"open","ping_status":"closed","sticky":false,"template":"","format":"standard","meta":{"activitypub_content_warning":"","activitypub_content_visibility":"","activitypub_max_image_attachments":3,"activitypub_interaction_policy_quote":"anyone","activitypub_status":"federated","footnotes":""},"categories":[1],"tags":[13],"class_list":["post-7790","post","type-post","status-publish","format-standard","hentry","category-sen-categoria","tag-politica"],"_links":{"self":[{"href":"https:\/\/blogs.amarinha.gal\/ribadeando\/wp-json\/wp\/v2\/posts\/7790","targetHints":{"allow":["GET"]}}],"collection":[{"href":"https:\/\/blogs.amarinha.gal\/ribadeando\/wp-json\/wp\/v2\/posts"}],"about":[{"href":"https:\/\/blogs.amarinha.gal\/ribadeando\/wp-json\/wp\/v2\/types\/post"}],"author":[{"embeddable":true,"href":"https:\/\/blogs.amarinha.gal\/ribadeando\/wp-json\/wp\/v2\/users\/3"}],"replies":[{"embeddable":true,"href":"https:\/\/blogs.amarinha.gal\/ribadeando\/wp-json\/wp\/v2\/comments?post=7790"}],"version-history":[{"count":0,"href":"https:\/\/blogs.amarinha.gal\/ribadeando\/wp-json\/wp\/v2\/posts\/7790\/revisions"}],"wp:attachment":[{"href":"https:\/\/blogs.amarinha.gal\/ribadeando\/wp-json\/wp\/v2\/media?parent=7790"}],"wp:term":[{"taxonomy":"category","embeddable":true,"href":"https:\/\/blogs.amarinha.gal\/ribadeando\/wp-json\/wp\/v2\/categories?post=7790"},{"taxonomy":"post_tag","embeddable":true,"href":"https:\/\/blogs.amarinha.gal\/ribadeando\/wp-json\/wp\/v2\/tags?post=7790"}],"curies":[{"name":"wp","href":"https:\/\/api.w.org\/{rel}","templated":true}]}}