{"id":779,"date":"2024-03-22T20:54:00","date_gmt":"2024-03-22T19:54:00","guid":{"rendered":""},"modified":"2024-10-23T11:24:09","modified_gmt":"2024-10-23T09:24:09","slug":"na-semana-santa-de-ribadeo-2024","status":"publish","type":"post","link":"https:\/\/blogs.amarinha.gal\/ribadeando\/2024\/03\/22\/na-semana-santa-de-ribadeo-2024\/","title":{"rendered":"Na Semana Santa de Ribadeo 2024&#8230;"},"content":{"rendered":"<p><span>&nbsp;&nbsp;&nbsp; <\/span>A piques de comezar a <a href=\"https:\/\/blogs.amarinha.gal\/ribadeando\/search?q=semana+santa\" rel=\"nofollow noopener\" target=\"_blank\">Semana Santa<\/a> (hoxe xa \u00e9 Venres de Dores), en baixo queda o programa coa imaxe de casrtel de <a href=\"https:\/\/blogs.amarinha.gal\/ribadeando\/search?q=Juan+est%C3%A9vez\" rel=\"nofollow noopener\" target=\"_blank\">Juan Est\u00e9vez<\/a>, dende a misa de hoxe e preg\u00f3n de ma\u00f1\u00e1 ata os actos do Domingo de Pascua, incluc\u00eddos aparte actos &#8216;profanos&#8217; para infancia e mocidade e o concerto de Semana Santa da banda MM de Ribadeo do m\u00e9rcores 27 de marzo.<\/p>\n<p><a href=\"https:\/\/blogs.amarinha.gal\/ribadeando\/wp-content\/uploads\/sites\/4\/2024\/03\/Captura20de20pantalla20de202024-03-222020-46-51.png\" style=\"margin-left: 1em; margin-right: 1em;\"><img loading=\"lazy\" decoding=\"async\" height=\"522\" src=\"https:\/\/blogs.amarinha.gal\/ribadeando\/wp-content\/uploads\/sites\/4\/2024\/03\/Captura20de20pantalla20de202024-03-222020-46-51.png\" class=\"wp-image-780\" width=\"660\" \/><\/a><\/p>\n<p><a href=\"https:\/\/blogs.amarinha.gal\/ribadeando\/wp-content\/uploads\/sites\/4\/2024\/03\/Captura20de20pantalla20de202024-03-222020-47-39.png\" style=\"margin-left: 1em; margin-right: 1em;\"><img loading=\"lazy\" decoding=\"async\" height=\"802\" src=\"https:\/\/blogs.amarinha.gal\/ribadeando\/wp-content\/uploads\/sites\/4\/2024\/03\/Captura20de20pantalla20de202024-03-222020-47-39.png\" class=\"wp-image-781\" width=\"539\" \/><\/a><\/p>\n<p><a href=\"https:\/\/blogs.amarinha.gal\/ribadeando\/wp-content\/uploads\/sites\/4\/2024\/03\/concerto20SS20202420Ribadeo.jpeg\" style=\"margin-left: 1em; margin-right: 1em;\"><img loading=\"lazy\" decoding=\"async\" height=\"785\" src=\"https:\/\/blogs.amarinha.gal\/ribadeando\/wp-content\/uploads\/sites\/4\/2024\/03\/concerto20SS20202420Ribadeo.jpeg\" class=\"wp-image-782\" width=\"523\" \/><\/a><\/p>\n","protected":false},"excerpt":{"rendered":"<p>&nbsp;&nbsp;&nbsp; A piques de comezar a Semana Santa (hoxe xa \u00e9 Venres de Dores), en baixo queda o programa coa imaxe de casrtel de Juan Est\u00e9vez, dende a misa de hoxe e preg\u00f3n de ma\u00f1\u00e1 ata os actos do Domingo de Pascua, incluc\u00eddos aparte actos &#8216;profanos&#8217; para infancia e mocidade e o concerto de Semana [&hellip;]<\/p>\n","protected":false},"author":3,"featured_media":780,"comment_status":"open","ping_status":"closed","sticky":false,"template":"","format":"standard","meta":{"activitypub_content_warning":"","activitypub_content_visibility":"","activitypub_max_image_attachments":3,"activitypub_interaction_policy_quote":"anyone","activitypub_status":"","footnotes":""},"categories":[1],"tags":[25],"class_list":["post-779","post","type-post","status-publish","format-standard","has-post-thumbnail","hentry","category-sen-categoria","tag-festas"],"_links":{"self":[{"href":"https:\/\/blogs.amarinha.gal\/ribadeando\/wp-json\/wp\/v2\/posts\/779","targetHints":{"allow":["GET"]}}],"collection":[{"href":"https:\/\/blogs.amarinha.gal\/ribadeando\/wp-json\/wp\/v2\/posts"}],"about":[{"href":"https:\/\/blogs.amarinha.gal\/ribadeando\/wp-json\/wp\/v2\/types\/post"}],"author":[{"embeddable":true,"href":"https:\/\/blogs.amarinha.gal\/ribadeando\/wp-json\/wp\/v2\/users\/3"}],"replies":[{"embeddable":true,"href":"https:\/\/blogs.amarinha.gal\/ribadeando\/wp-json\/wp\/v2\/comments?post=779"}],"version-history":[{"count":0,"href":"https:\/\/blogs.amarinha.gal\/ribadeando\/wp-json\/wp\/v2\/posts\/779\/revisions"}],"wp:featuredmedia":[{"embeddable":true,"href":"https:\/\/blogs.amarinha.gal\/ribadeando\/wp-json\/wp\/v2\/media\/780"}],"wp:attachment":[{"href":"https:\/\/blogs.amarinha.gal\/ribadeando\/wp-json\/wp\/v2\/media?parent=779"}],"wp:term":[{"taxonomy":"category","embeddable":true,"href":"https:\/\/blogs.amarinha.gal\/ribadeando\/wp-json\/wp\/v2\/categories?post=779"},{"taxonomy":"post_tag","embeddable":true,"href":"https:\/\/blogs.amarinha.gal\/ribadeando\/wp-json\/wp\/v2\/tags?post=779"}],"curies":[{"name":"wp","href":"https:\/\/api.w.org\/{rel}","templated":true}]}}