{"id":7778,"date":"2011-10-19T08:47:00","date_gmt":"2011-10-19T06:47:00","guid":{"rendered":""},"modified":"2024-11-12T14:40:04","modified_gmt":"2024-11-12T13:40:04","slug":"non-e-que-non-tena-ideas-e-que-se-as","status":"publish","type":"post","link":"https:\/\/blogs.amarinha.gal\/ribadeando\/2011\/10\/19\/non-e-que-non-tena-ideas-e-que-se-as\/","title":{"rendered":"Non \u00e9 que non te\u00f1a ideas; \u00e9 que se as explico, perderei as elecci\u00f3ns"},"content":{"rendered":"<p>A frase, que recollo a traverso de <a href=\"http:\/\/im-pulso.blogspot.com\/2011\/10\/duran-lleida-reconoce-que-la-derecha.html\">im-pulso<\/a>, atrib\u00faese a Dur\u00e1n i Lleida, pero servir\u00eda moi ben para moita outra xente, e alimenta non s\u00f3 unha desconfianza cara \u00e1 clase pol\u00edtica de primeiras e \u00f3 sistema como soporte da mesma, sen\u00f3n mesmo intervenci\u00f3ns con base diferente como a que mantiven (mantivemos) onte mesmo sobre as esperanzas do 20N en <a href=\"http:\/\/jabope.blogspot.com\/2011\/10\/contradiccion.html\">Desmontando t\u00f3picos<\/a>.<\/p>\n<p>Estes d\u00edas, lendo &#8216;Mando a distancia&#8217; de Lorenzo Abad\u00eda (un libro que me recomendaron, me prestaron e recomendo; aqu\u00ed, a <a href=\"https:\/\/n-1.cc\/mod\/file\/download.php?file_guid=233173\">versi\u00f3n pdf<\/a>) puiden ver un pouco de teor\u00eda sobre representaci\u00f3n pol\u00edtica e pensar cun pouco m\u00e1is de profundidade en quen e c\u00f3mo dirixe a sociedade. E, dentro do que cabe, coido que se pode dicir que o sucedido con Dur\u00e1n \u00e9 un mal menor, unha cousa de pequenos, unha trastada fronte o funcionamento xeral. A quen lle seguir\u00e1 parecendo que o 15M son perroflautas e anexos?<\/p>\n","protected":false},"excerpt":{"rendered":"<p>A frase, que recollo a traverso de im-pulso, atrib\u00faese a Dur\u00e1n i Lleida, pero servir\u00eda moi ben para moita outra xente, e alimenta non s\u00f3 unha desconfianza cara \u00e1 clase pol\u00edtica de primeiras e \u00f3 sistema como soporte da mesma, sen\u00f3n mesmo intervenci\u00f3ns con base diferente como a que mantiven (mantivemos) onte mesmo sobre as [&hellip;]<\/p>\n","protected":false},"author":3,"featured_media":0,"comment_status":"open","ping_status":"closed","sticky":false,"template":"","format":"standard","meta":{"activitypub_content_warning":"","activitypub_content_visibility":"","activitypub_max_image_attachments":3,"activitypub_interaction_policy_quote":"anyone","activitypub_status":"federate","footnotes":""},"categories":[1],"tags":[13],"class_list":["post-7778","post","type-post","status-publish","format-standard","hentry","category-sen-categoria","tag-politica"],"_links":{"self":[{"href":"https:\/\/blogs.amarinha.gal\/ribadeando\/wp-json\/wp\/v2\/posts\/7778","targetHints":{"allow":["GET"]}}],"collection":[{"href":"https:\/\/blogs.amarinha.gal\/ribadeando\/wp-json\/wp\/v2\/posts"}],"about":[{"href":"https:\/\/blogs.amarinha.gal\/ribadeando\/wp-json\/wp\/v2\/types\/post"}],"author":[{"embeddable":true,"href":"https:\/\/blogs.amarinha.gal\/ribadeando\/wp-json\/wp\/v2\/users\/3"}],"replies":[{"embeddable":true,"href":"https:\/\/blogs.amarinha.gal\/ribadeando\/wp-json\/wp\/v2\/comments?post=7778"}],"version-history":[{"count":0,"href":"https:\/\/blogs.amarinha.gal\/ribadeando\/wp-json\/wp\/v2\/posts\/7778\/revisions"}],"wp:attachment":[{"href":"https:\/\/blogs.amarinha.gal\/ribadeando\/wp-json\/wp\/v2\/media?parent=7778"}],"wp:term":[{"taxonomy":"category","embeddable":true,"href":"https:\/\/blogs.amarinha.gal\/ribadeando\/wp-json\/wp\/v2\/categories?post=7778"},{"taxonomy":"post_tag","embeddable":true,"href":"https:\/\/blogs.amarinha.gal\/ribadeando\/wp-json\/wp\/v2\/tags?post=7778"}],"curies":[{"name":"wp","href":"https:\/\/api.w.org\/{rel}","templated":true}]}}