{"id":7775,"date":"2011-10-21T09:14:00","date_gmt":"2011-10-21T07:14:00","guid":{"rendered":""},"modified":"2024-11-12T14:40:00","modified_gmt":"2024-11-12T13:40:00","slug":"ate-vs-eta","status":"publish","type":"post","link":"https:\/\/blogs.amarinha.gal\/ribadeando\/2011\/10\/21\/ate-vs-eta\/","title":{"rendered":"ATE vs ETA"},"content":{"rendered":"<p>Por fin! (hai quen dir\u00e1 &#8216;por fin?&#8217;). A nova de que ETA deixa de xeito definitivo as armas non colle por sorpresa, pois vi\u00f1a sendo anunciada, as\u00ed como as causas que uns ou outros lle atrib\u00faen. Ben, non colle por sorpresa segundo a quen, m\u00e1xime cando hai quen segue a crer que \u00e9 unha manobra, e o mesmo que anteriores &#8216;treguas&#8217; foron rachadas cando lles vfeu en gana, esta volta pode ser algo polo estilo, a\u00ednda que a diferenza que implica o &#8216;definitivo&#8217; \u00e9 estimable.<\/p>\n<p>De calquera xeito, agora, tras unha semana dun discutido encontro de paz en San Sebasti\u00e1n, a paz, polo menos \u00f3 comezo, non deixar\u00e1 de ser discutida, alomenos pola s\u00faa utilizaci\u00f3n pol\u00edtica. Polo outro bando, o de ETA, tam\u00e9n poden vir discusi\u00f3ns \u00f3 igual que veces anteriores, por medio de divisi\u00f3ns internas. De calquera xeito, o anuncio est\u00e1 a\u00ed, e foi ben recibido.<\/p>\n<p>&#8230; o que nos leva \u00f3 xogo de causas, efectos e condici\u00f3ns. Parece que despois de ETA haber\u00e1 unha certa descompresi\u00f3n que fai pensar tanto no <a href=\"http:\/\/es.wikipedia.org\/wiki\/S%C3%ADndrome_de_Estocolmo\">s\u00edndrome de Estocolmo<\/a> como no final da <a href=\"http:\/\/gl.wikipedia.org\/wiki\/Guerra_fr%C3%ADa\">guerra fr\u00eda<\/a>. Expl\u00edcome. O s\u00edndrome ser\u00eda un sentemento de agradecemento a ETA, unha especie de obriga cara a ela pola liberaci\u00f3n que sup\u00f3n deixar de matar. O final da guerra, por outra banda, sup\u00f3n unha falta de contrapeso que se pode notar facendo que a situaci\u00f3n se escore en un determinado sentido. En ambos alegatos, as cousas son subxectivas, pero en ambos, hai antecedentes.<\/p>\n<p>Asemade, non hai que perder a perspectiva de que o nacemento de ETA, por moi enfrontado que se este\u00f1a coa s\u00faa actuaci\u00f3n, tivo unhas causas, correspondendo co final do recorrido franquista. Nin tampouco que tivo outros efectos a parte das mortes e a zozobra da convivencia en Euscadi. A\u00ed est\u00e1&nbsp; morte de <a href=\"http:\/\/gl.wikipedia.org\/wiki\/Carrero_Blanco\">Carrero Blanco<\/a>, nun sentido, e os <a href=\"http:\/\/es.wikipedia.org\/wiki\/Grupos_Antiterroristas_de_Liberaci%C3%B3n\">GAL<\/a> noutro ben diferente, para lembralo.<\/p>\n<p>Hai unha perspectiva m\u00e1is para contextualizar o tema. Nun d\u00eda no que foi liquidado <a href=\"http:\/\/gl.wikipedia.org\/wiki\/Muammar_al-Gaddafi\">Gadafi<\/a>, o espazo adicado nos diarios extranxeiros \u00f3 fin de ETA desaparece en termo absolutos e relativos, ocupando abondo menos espazo que o que se lle segue a dar a <a href=\"http:\/\/gl.wikipedia.org\/wiki\/Steve_Jobs\">Steve Jobs<\/a> d\u00faas semanas despois de desaparecido.<\/p>\n<p>De calquera xeito, despois destas lembranzas que non se deben perder de vista nun d\u00eda como hoxe, ATE, o anti terrorismo espa\u00f1ol, est\u00e1 de noraboa.<\/p>\n","protected":false},"excerpt":{"rendered":"<p>Por fin! (hai quen dir\u00e1 &#8216;por fin?&#8217;). A nova de que ETA deixa de xeito definitivo as armas non colle por sorpresa, pois vi\u00f1a sendo anunciada, as\u00ed como as causas que uns ou outros lle atrib\u00faen. Ben, non colle por sorpresa segundo a quen, m\u00e1xime cando hai quen segue a crer que \u00e9 unha manobra, [&hellip;]<\/p>\n","protected":false},"author":3,"featured_media":0,"comment_status":"open","ping_status":"closed","sticky":false,"template":"","format":"standard","meta":{"activitypub_content_warning":"","activitypub_content_visibility":"","activitypub_max_image_attachments":3,"activitypub_interaction_policy_quote":"anyone","activitypub_status":"federate","footnotes":""},"categories":[1],"tags":[13],"class_list":["post-7775","post","type-post","status-publish","format-standard","hentry","category-sen-categoria","tag-politica"],"_links":{"self":[{"href":"https:\/\/blogs.amarinha.gal\/ribadeando\/wp-json\/wp\/v2\/posts\/7775","targetHints":{"allow":["GET"]}}],"collection":[{"href":"https:\/\/blogs.amarinha.gal\/ribadeando\/wp-json\/wp\/v2\/posts"}],"about":[{"href":"https:\/\/blogs.amarinha.gal\/ribadeando\/wp-json\/wp\/v2\/types\/post"}],"author":[{"embeddable":true,"href":"https:\/\/blogs.amarinha.gal\/ribadeando\/wp-json\/wp\/v2\/users\/3"}],"replies":[{"embeddable":true,"href":"https:\/\/blogs.amarinha.gal\/ribadeando\/wp-json\/wp\/v2\/comments?post=7775"}],"version-history":[{"count":0,"href":"https:\/\/blogs.amarinha.gal\/ribadeando\/wp-json\/wp\/v2\/posts\/7775\/revisions"}],"wp:attachment":[{"href":"https:\/\/blogs.amarinha.gal\/ribadeando\/wp-json\/wp\/v2\/media?parent=7775"}],"wp:term":[{"taxonomy":"category","embeddable":true,"href":"https:\/\/blogs.amarinha.gal\/ribadeando\/wp-json\/wp\/v2\/categories?post=7775"},{"taxonomy":"post_tag","embeddable":true,"href":"https:\/\/blogs.amarinha.gal\/ribadeando\/wp-json\/wp\/v2\/tags?post=7775"}],"curies":[{"name":"wp","href":"https:\/\/api.w.org\/{rel}","templated":true}]}}