{"id":7771,"date":"2011-10-26T09:27:00","date_gmt":"2011-10-26T07:27:00","guid":{"rendered":""},"modified":"2024-11-12T14:39:53","modified_gmt":"2024-11-12T13:39:53","slug":"segue-conta","status":"publish","type":"post","link":"https:\/\/blogs.amarinha.gal\/ribadeando\/2011\/10\/26\/segue-conta\/","title":{"rendered":"Segue a conta"},"content":{"rendered":"<p>Hai alg\u00fan tempo ve\u00f1en sa\u00edndo de xeito salpicado diversas novas sobre o concello de Ribadeo e os xulgados (a parte da reclamaci\u00f3n para o retorno do xulgado a Ribadeo, que parece bandoada polas autoridades &#8230;). Rara vez deixan de ter un denominador com\u00fan, cando se refiren \u00f3 resultado dunha sentenza: perde o concello. A \u00faltima manifestada na prensa da nota de que <a href=\"http:\/\/www.lavozdegalicia.es\/amarina\/2011\/10\/22\/0003_201110X22C8997.htm\">dous empregado do Grumir g\u00e1nanlle a partida \u00f3 concello<\/a>, \u00f3 tempo que avisa de m\u00e1is sentenzas pr\u00f3ximas e de que o concello prefire pagar indemnizaci\u00f3n a readmitilos, para o que xa ten preparados 39 000 \u20ac (a van reclamar porque a cantidade din que non \u00e9 abondo). Volto dicir algo que xa sa\u00edu no blog: como se poden perder tantos conflitos? D\u00e9bese de estar a facer algo mal.<\/p>\n<p>Pero hai unha segunda parte, que xa saiu tam\u00e9n por vea pol\u00edtica, e \u00e9 que o PP botoulle en cara que indemnizara en troques de readmitir (por certo o da indemnizaci\u00f3n non \u00e9 a primeira vez que se fai en en Ribadeo \u00faltimamente, sen\u00f3n m\u00e1is ben a norma), e a resposta da alcald\u00eda deixa un sabor raro: <a href=\"http:\/\/www.lavozdegalicia.es\/amarina\/2011\/10\/26\/0003_201110X26C5996.htm\">Ribadeo non ten capacidade para manter o Grumir<\/a>. Si, pode ser certo, e visto o balance das contas, ten abondas probabilidades, a parte de que haber\u00eda que ver se ese servizo en concreto \u00e9 cousa do concello ou m\u00e1is ben da Xunta. Pero, visto as cantidades a pagar, e as que \u00e9 previsible que se aboen a continuaci\u00f3n, coido que quiz\u00e1is haber\u00eda que facer as contas un pouco m\u00e1is detalladas (e abertas\/transparentes) e reprantexarse a traxectoria do servizo doutro xeito. Quiz\u00e1is en troques de pagar algo por nada (indemnizaci\u00f3n) ser\u00eda cousa de po\u00f1er algo m\u00e1is e ter un servizo que o alcalde manifesta que \u00e9 necesario na mesma nova. Por outra banda, se quen ten pagar a indemnizaci\u00f3n \u00e9 o concello, iso significa que ten uns deberes adquiridos respecto dese servizo;&nbsp; se non os pode pagar, haber\u00eda que reflexionar por que se mantiveron e como se fixeron dun xeito insostible. E coido que toda esa labor de fondo falta.<\/p>\n<p>Mentras, a esperar m\u00e1is sentenzas.<\/p>\n<p>Ribadeo &#8216;nos xulgados: <a href=\"http:\/\/ribadeando.blogspot.com\/2006\/06\/ribadeo-o-trato-da-xustiza.html\">1<\/a>, <a href=\"http:\/\/ribadeando.blogspot.com\/2005\/10\/este-concello-que-temos.html\">2<\/a>, <a href=\"http:\/\/ribadeando.blogspot.com\/2006\/07\/un-repaso-2-de-hoxe.html\">3<\/a>, <a href=\"http:\/\/ribadeando.blogspot.com\/2007\/11\/una-semana-sen-novas.html\">4<\/a>, <a href=\"http:\/\/ribadeando.blogspot.com\/2007\/08\/aqu-se-duerme-fenomenal.html\">5<\/a>, <a href=\"http:\/\/ribadeando.blogspot.com\/2008\/10\/asimetra.html\">6<\/a>, &#8230;<\/p>\n","protected":false},"excerpt":{"rendered":"<p>Hai alg\u00fan tempo ve\u00f1en sa\u00edndo de xeito salpicado diversas novas sobre o concello de Ribadeo e os xulgados (a parte da reclamaci\u00f3n para o retorno do xulgado a Ribadeo, que parece bandoada polas autoridades &#8230;). Rara vez deixan de ter un denominador com\u00fan, cando se refiren \u00f3 resultado dunha sentenza: perde o concello. A \u00faltima [&hellip;]<\/p>\n","protected":false},"author":3,"featured_media":0,"comment_status":"open","ping_status":"closed","sticky":false,"template":"","format":"standard","meta":{"activitypub_content_warning":"","activitypub_content_visibility":"","activitypub_max_image_attachments":3,"activitypub_interaction_policy_quote":"anyone","activitypub_status":"federated","footnotes":""},"categories":[1],"tags":[13],"class_list":["post-7771","post","type-post","status-publish","format-standard","hentry","category-sen-categoria","tag-politica"],"_links":{"self":[{"href":"https:\/\/blogs.amarinha.gal\/ribadeando\/wp-json\/wp\/v2\/posts\/7771","targetHints":{"allow":["GET"]}}],"collection":[{"href":"https:\/\/blogs.amarinha.gal\/ribadeando\/wp-json\/wp\/v2\/posts"}],"about":[{"href":"https:\/\/blogs.amarinha.gal\/ribadeando\/wp-json\/wp\/v2\/types\/post"}],"author":[{"embeddable":true,"href":"https:\/\/blogs.amarinha.gal\/ribadeando\/wp-json\/wp\/v2\/users\/3"}],"replies":[{"embeddable":true,"href":"https:\/\/blogs.amarinha.gal\/ribadeando\/wp-json\/wp\/v2\/comments?post=7771"}],"version-history":[{"count":0,"href":"https:\/\/blogs.amarinha.gal\/ribadeando\/wp-json\/wp\/v2\/posts\/7771\/revisions"}],"wp:attachment":[{"href":"https:\/\/blogs.amarinha.gal\/ribadeando\/wp-json\/wp\/v2\/media?parent=7771"}],"wp:term":[{"taxonomy":"category","embeddable":true,"href":"https:\/\/blogs.amarinha.gal\/ribadeando\/wp-json\/wp\/v2\/categories?post=7771"},{"taxonomy":"post_tag","embeddable":true,"href":"https:\/\/blogs.amarinha.gal\/ribadeando\/wp-json\/wp\/v2\/tags?post=7771"}],"curies":[{"name":"wp","href":"https:\/\/api.w.org\/{rel}","templated":true}]}}