{"id":7768,"date":"2011-10-29T09:25:00","date_gmt":"2011-10-29T07:25:00","guid":{"rendered":""},"modified":"2024-11-12T14:39:49","modified_gmt":"2024-11-12T13:39:49","slug":"concienciandonos-para-o-20n","status":"publish","type":"post","link":"https:\/\/blogs.amarinha.gal\/ribadeando\/2011\/10\/29\/concienciandonos-para-o-20n\/","title":{"rendered":"Concienci\u00e1ndonos para o 20N"},"content":{"rendered":"<p><a href=\"http:\/\/foro.seguridadwireless.net\/noticias-wireless\/anonymous-emite-documental-sobre-espana-como-parte-de-la-operacion-20n\/\">A ra\u00edz dunha entrada en Seguridad Wireless<\/a><\/p>\n<p><iframe loading=\"lazy\" allowfullscreen=\"\" frameborder=\"0\" height=\"360\" src=\"http:\/\/www.youtube.com\/embed\/9xqhbx_DYoI\" width=\"640\"><\/iframe><\/p>\n<p>Unha nota previa: consid\u00e9rome parte do movemento 15M, e como tal, apoio a difusi\u00f3n das teses xerais, que non te\u00f1en por que coincidir exactamente coas mi\u00f1as.<\/p>\n<p>O v\u00eddeo forma parte da co\u00f1ecida como #Op20N, a campa\u00f1a coa que Anonymous promove entre a cidadan\u00eda espa\u00f1ola un cambio para o d\u00eda das elecci\u00f3ns en Espa\u00f1a o pr\u00f3ximo 20 de novembro. Xunto ao v\u00eddeo, un longo comunicado onde ve\u00f1en explicar o concepto que tratan de que cale na sociedade, evitar o bipartidismo que tanto se escoitou nas manifestaci\u00f3ns que tiveron lugar.<\/p>\n<p>O que Anonymous nos amosa \u00e9 o primeiro documental do que se ten constancia do colectivo no pa\u00eds. Un repaso ao pasado e presente do pa\u00eds para explicar a trav\u00e9s da historia como se chegou a unha situaci\u00f3n pol\u00edtica marcada polo mandato exclusivo de dous grandes partidos.<\/p>\n<p>O que se pide \u00e9 evitar a abstenci\u00f3n entre a cidadan\u00eda coa que acoutar o poder das pr\u00f3ximas elecci\u00f3ns, que por encima de todo se vote. Unha iniciativa loable que fose de partidismos e dogmas pretende que cada un exerza o dereito que lle d\u00e1 a democracia, o do voto. O comunicado que acompa\u00f1a ao documental:<\/p>\n<p>Obviamente non \u00eda ser tan sinxelo para todos vostedes, ilusas elites, sa\u00edrse coa s\u00faa unha vez m\u00e1is\u2026<\/p>\n<p>Cr\u00edan que todo volver\u00eda ser como antes m\u00e1xicamente, sinxelamente ignorando a realidade?<\/p>\n<p>Que todo lles sair\u00e1 tan ben como nas recentes elecci\u00f3ns municipais, grazas \u00e1 desinformaci\u00f3n e aos recortes nos nosos dereitos e liberdades?<\/p>\n<p>Isto non \u00e9 ning\u00fan xogo.<\/p>\n<p>Ningunha das s\u00faas campa\u00f1as pol\u00edticas, nas que invisten mill\u00f3ns directa e indirectamente, ter\u00e1 tanta atenci\u00f3n cidad\u00e1 real como a nosa operaci\u00f3n, cuxo custo \u00e9 CERO. Todo grazas \u00e1 s\u00faa adictiva tendencia a mostrarse como evidentemente incapaces de manexar os problemas\u2026 nos que vostedes mesmos nos meteron.<\/p>\n<p>Apostamos?<\/p>\n<p>O noso plan \u00e9 incuestionable, sinxelo, legal e completamente viable.<\/p>\n<p>Vostedes parecen seguir empe\u00f1ados en crer que os seus anticuados m\u00e9todos para controlar \u00e1s masas funcionan tan ben como sempre.<\/p>\n<p>Veremos.<\/p>\n<p>A efectos pr\u00e1cticos xa non importa quen ga\u00f1e estas elecci\u00f3ns: importa que puxemos a enfermidade en co\u00f1ecemento de todos, as\u00ed como a cura nas s\u00faas mans.<\/p>\n<p>Unha vez m\u00e1is a liberdade ga\u00f1a: vostedes -pase o que pase- xa perderon.<\/p>\n<p>N\u00f3s somos o pobo, n\u00f3s somos o \u00fanico &#8220;sistema&#8221;.<\/p>\n<p>Somos an\u00f3nimos.<\/p>\n<p>Hoxe, m\u00e1is que nunca, somos lexi\u00f3n.<\/p>\n<p>Non esquecemos.<\/p>\n<p>Non perdoamos.<\/p>\n<p>Operaci\u00f3n 20N iniciada.<\/p>\n<p>Pol\u00edticos e plut\u00f3cratas\u2026 esper\u00e1denos\u2026<\/p>\n<p>\u2026e grazas por seguir xogando e colaborar na s\u00faa propia derrota.<\/p>\n","protected":false},"excerpt":{"rendered":"<p>A ra\u00edz dunha entrada en Seguridad Wireless Unha nota previa: consid\u00e9rome parte do movemento 15M, e como tal, apoio a difusi\u00f3n das teses xerais, que non te\u00f1en por que coincidir exactamente coas mi\u00f1as. O v\u00eddeo forma parte da co\u00f1ecida como #Op20N, a campa\u00f1a coa que Anonymous promove entre a cidadan\u00eda espa\u00f1ola un cambio para o [&hellip;]<\/p>\n","protected":false},"author":3,"featured_media":0,"comment_status":"open","ping_status":"closed","sticky":false,"template":"","format":"standard","meta":{"activitypub_content_warning":"","activitypub_content_visibility":"","activitypub_max_image_attachments":3,"activitypub_interaction_policy_quote":"anyone","activitypub_status":"federated","footnotes":""},"categories":[1],"tags":[13],"class_list":["post-7768","post","type-post","status-publish","format-standard","hentry","category-sen-categoria","tag-politica"],"_links":{"self":[{"href":"https:\/\/blogs.amarinha.gal\/ribadeando\/wp-json\/wp\/v2\/posts\/7768","targetHints":{"allow":["GET"]}}],"collection":[{"href":"https:\/\/blogs.amarinha.gal\/ribadeando\/wp-json\/wp\/v2\/posts"}],"about":[{"href":"https:\/\/blogs.amarinha.gal\/ribadeando\/wp-json\/wp\/v2\/types\/post"}],"author":[{"embeddable":true,"href":"https:\/\/blogs.amarinha.gal\/ribadeando\/wp-json\/wp\/v2\/users\/3"}],"replies":[{"embeddable":true,"href":"https:\/\/blogs.amarinha.gal\/ribadeando\/wp-json\/wp\/v2\/comments?post=7768"}],"version-history":[{"count":0,"href":"https:\/\/blogs.amarinha.gal\/ribadeando\/wp-json\/wp\/v2\/posts\/7768\/revisions"}],"wp:attachment":[{"href":"https:\/\/blogs.amarinha.gal\/ribadeando\/wp-json\/wp\/v2\/media?parent=7768"}],"wp:term":[{"taxonomy":"category","embeddable":true,"href":"https:\/\/blogs.amarinha.gal\/ribadeando\/wp-json\/wp\/v2\/categories?post=7768"},{"taxonomy":"post_tag","embeddable":true,"href":"https:\/\/blogs.amarinha.gal\/ribadeando\/wp-json\/wp\/v2\/tags?post=7768"}],"curies":[{"name":"wp","href":"https:\/\/api.w.org\/{rel}","templated":true}]}}