{"id":7759,"date":"2011-11-05T11:59:00","date_gmt":"2011-11-05T10:59:00","guid":{"rendered":""},"modified":"2024-11-12T14:39:28","modified_gmt":"2024-11-12T13:39:28","slug":"un-aviso-dos-indignados","status":"publish","type":"post","link":"https:\/\/blogs.amarinha.gal\/ribadeando\/2011\/11\/05\/un-aviso-dos-indignados\/","title":{"rendered":"Un aviso sobre os indignados"},"content":{"rendered":"<p>Polo blog de <a href=\"http:\/\/feedproxy.google.com\/%7Er\/ElBlogDeEnriqueDans\/%7E3\/090-zJxIX_8\/estreno-de-indignados-el-documental-sobre-el-movimiento-15m.html\">E. Dans<\/a> ent\u00e9rome do documental sobre o movemento 15M. Deixo a primeira parte embaixo (o resto, p\u00f3dense ligar en youtube abrindo o documental na fiestra &#8216;youtube&#8217; embaixo \u00e1 dereita)<\/p>\n<p><iframe loading=\"lazy\" allowfullscreen=\"\" frameborder=\"0\" height=\"360\" src=\"http:\/\/www.youtube.com\/embed\/2PleermLGJE\" width=\"640\"><\/iframe><\/p>\n","protected":false},"excerpt":{"rendered":"<p>Polo blog de E. Dans ent\u00e9rome do documental sobre o movemento 15M. Deixo a primeira parte embaixo (o resto, p\u00f3dense ligar en youtube abrindo o documental na fiestra &#8216;youtube&#8217; embaixo \u00e1 dereita)<\/p>\n","protected":false},"author":3,"featured_media":0,"comment_status":"open","ping_status":"closed","sticky":false,"template":"","format":"standard","meta":{"activitypub_content_warning":"","activitypub_content_visibility":"","activitypub_max_image_attachments":3,"activitypub_interaction_policy_quote":"anyone","activitypub_status":"federate","footnotes":""},"categories":[1],"tags":[102],"class_list":["post-7759","post","type-post","status-publish","format-standard","hentry","category-sen-categoria","tag-15m"],"_links":{"self":[{"href":"https:\/\/blogs.amarinha.gal\/ribadeando\/wp-json\/wp\/v2\/posts\/7759","targetHints":{"allow":["GET"]}}],"collection":[{"href":"https:\/\/blogs.amarinha.gal\/ribadeando\/wp-json\/wp\/v2\/posts"}],"about":[{"href":"https:\/\/blogs.amarinha.gal\/ribadeando\/wp-json\/wp\/v2\/types\/post"}],"author":[{"embeddable":true,"href":"https:\/\/blogs.amarinha.gal\/ribadeando\/wp-json\/wp\/v2\/users\/3"}],"replies":[{"embeddable":true,"href":"https:\/\/blogs.amarinha.gal\/ribadeando\/wp-json\/wp\/v2\/comments?post=7759"}],"version-history":[{"count":0,"href":"https:\/\/blogs.amarinha.gal\/ribadeando\/wp-json\/wp\/v2\/posts\/7759\/revisions"}],"wp:attachment":[{"href":"https:\/\/blogs.amarinha.gal\/ribadeando\/wp-json\/wp\/v2\/media?parent=7759"}],"wp:term":[{"taxonomy":"category","embeddable":true,"href":"https:\/\/blogs.amarinha.gal\/ribadeando\/wp-json\/wp\/v2\/categories?post=7759"},{"taxonomy":"post_tag","embeddable":true,"href":"https:\/\/blogs.amarinha.gal\/ribadeando\/wp-json\/wp\/v2\/tags?post=7759"}],"curies":[{"name":"wp","href":"https:\/\/api.w.org\/{rel}","templated":true}]}}