{"id":7744,"date":"2011-11-20T16:34:00","date_gmt":"2011-11-20T15:34:00","guid":{"rendered":""},"modified":"2024-11-12T14:39:04","modified_gmt":"2024-11-12T13:39:04","slug":"e-pleno-ordinario-anunciado-en-ribadeo","status":"publish","type":"post","link":"https:\/\/blogs.amarinha.gal\/ribadeando\/2011\/11\/20\/e-pleno-ordinario-anunciado-en-ribadeo\/","title":{"rendered":"&#8230; e pleno ordinario anunciado en Ribadeo"},"content":{"rendered":"<p>Contra o que sucede moitas veces, hoxe, d\u00eda de elecci\u00f3ns, <a href=\"http:\/\/www.ribadeo.org\/eadministracion\/aviso.php?id=206&amp;lg=gal\" target=\"_blank\" rel=\"noopener\">p\u00f3dese ver na web do concello a convocatoria do pleno ordinario<\/a> para ma\u00f1\u00e1 \u00e1s oito da tarde:<\/p>\n<p>&#8220;O luns, 21 de novembro, \u00e1s 20 horas haber\u00e1 pleno ordinario no  Concello de Ribadeo. Na orde do d\u00eda figuran os seguintes puntos:  proposta de modificaci\u00f3n do r\u00e9xime de sesi\u00f3ns do Pleno; petici\u00f3n de  reversi\u00f3n de finca O Semilleiro \u00e1 Comunidade de Montes de Ove, e  adopci\u00f3n de acordos procedentes; convenio de colaboraci\u00f3n co Rexistro da  Propiedade de Ribadeo para a xesti\u00f3n, liquidaci\u00f3n e recadaci\u00f3n do  imposto sobre o incremento de valor dos terreos de natureza urbana;  designaci\u00f3n de representante municipal na Escola Oficial de Idiomas;  modificaci\u00f3n de estatutos da Mancomunidade de Municipios da Mari\u00f1a  Lucense; proposta para dotaci\u00f3n de servizos de saneamento en  Dompi\u00f1or-Pi\u00f1eira; proposta de denominaci\u00f3n de r\u00faas no pol\u00edgono  industrial de Ribadeo; expediente de reco\u00f1ecemento extraxudicial de  cr\u00e9ditos n\u00famero 2011\/02; modificaci\u00f3n vocais na Mesa do Comercio Local;  recurso contencioso administrativo contra a resoluci\u00f3n da Conseller\u00eda de  Traballo e Benestar de 18 de outubro de 2011 sobre cofinanciamento da  prestaci\u00f3n de servizos sociais (prestaci\u00f3n b\u00e1sica servizo de axuda no  fogar); control de \u00f3rganos da Corporaci\u00f3n; daci\u00f3n de conta de decretos  da Alcald\u00eda; rogos e preguntas; e moci\u00f3ns do BNG sobre plan concertado  de servizos sociais e do BNG sobre violencia de x\u00e9nero&#8221;<\/p>\n","protected":false},"excerpt":{"rendered":"<p>Contra o que sucede moitas veces, hoxe, d\u00eda de elecci\u00f3ns, p\u00f3dese ver na web do concello a convocatoria do pleno ordinario para ma\u00f1\u00e1 \u00e1s oito da tarde: &#8220;O luns, 21 de novembro, \u00e1s 20 horas haber\u00e1 pleno ordinario no Concello de Ribadeo. Na orde do d\u00eda figuran os seguintes puntos: proposta de modificaci\u00f3n do r\u00e9xime [&hellip;]<\/p>\n","protected":false},"author":3,"featured_media":0,"comment_status":"open","ping_status":"closed","sticky":false,"template":"","format":"standard","meta":{"activitypub_content_warning":"","activitypub_content_visibility":"","activitypub_max_image_attachments":3,"activitypub_interaction_policy_quote":"anyone","activitypub_status":"federated","footnotes":""},"categories":[1],"tags":[42],"class_list":["post-7744","post","type-post","status-publish","format-standard","hentry","category-sen-categoria","tag-plenos"],"_links":{"self":[{"href":"https:\/\/blogs.amarinha.gal\/ribadeando\/wp-json\/wp\/v2\/posts\/7744","targetHints":{"allow":["GET"]}}],"collection":[{"href":"https:\/\/blogs.amarinha.gal\/ribadeando\/wp-json\/wp\/v2\/posts"}],"about":[{"href":"https:\/\/blogs.amarinha.gal\/ribadeando\/wp-json\/wp\/v2\/types\/post"}],"author":[{"embeddable":true,"href":"https:\/\/blogs.amarinha.gal\/ribadeando\/wp-json\/wp\/v2\/users\/3"}],"replies":[{"embeddable":true,"href":"https:\/\/blogs.amarinha.gal\/ribadeando\/wp-json\/wp\/v2\/comments?post=7744"}],"version-history":[{"count":0,"href":"https:\/\/blogs.amarinha.gal\/ribadeando\/wp-json\/wp\/v2\/posts\/7744\/revisions"}],"wp:attachment":[{"href":"https:\/\/blogs.amarinha.gal\/ribadeando\/wp-json\/wp\/v2\/media?parent=7744"}],"wp:term":[{"taxonomy":"category","embeddable":true,"href":"https:\/\/blogs.amarinha.gal\/ribadeando\/wp-json\/wp\/v2\/categories?post=7744"},{"taxonomy":"post_tag","embeddable":true,"href":"https:\/\/blogs.amarinha.gal\/ribadeando\/wp-json\/wp\/v2\/tags?post=7744"}],"curies":[{"name":"wp","href":"https:\/\/api.w.org\/{rel}","templated":true}]}}