{"id":7742,"date":"2011-11-21T08:30:00","date_gmt":"2011-11-21T07:30:00","guid":{"rendered":""},"modified":"2024-11-12T14:39:01","modified_gmt":"2024-11-12T13:39:01","slug":"datos-de-ribadeo-lugo-galicia-espana","status":"publish","type":"post","link":"https:\/\/blogs.amarinha.gal\/ribadeando\/2011\/11\/21\/datos-de-ribadeo-lugo-galicia-espana\/","title":{"rendered":"Datos de Ribadeo, Lugo, Galicia, Espa\u00f1a, algunha pregunta e algunha cousa m\u00e1is."},"content":{"rendered":"<p>Estamos no d\u00eda despois. Abaixo deixo os resultados electorias de Ribadeo, Lugo, Galicia e Espa\u00f1a, tomados da <a href=\"http:\/\/www.generales2011.mir.es\/ini99v.htm\" target=\"_blank\" rel=\"noopener\">p\u00e1xina oficial<\/a>. Para os datos comarcais, <a href=\"http:\/\/www.cronica3.com\/2011\/11\/o-pp-perde-votos-en-ourol-e-a-pontenova-o-psoe-en-toda-a-marina-e-o-bng-sube-en-viveiro-e-xove\/\" target=\"_blank\" rel=\"noopener\">aqu\u00ed<\/a>.<\/p>\n<p>Coido que \u00e9 para pensar a comparaci\u00f3n dos resultados en escanos cos ofrecidos <a href=\"https:\/\/docs.google.com\/spreadsheet\/lv?key=0Am-rc2Pm4dvYdC00ajlKZHA0cXNkVnVnV1lDakMzREE&amp;type=view&amp;gid=0&amp;f=true&amp;sortcolid=-1&amp;sortasc=true&amp;rowsperpage=250\" target=\"_blank\" rel=\"noopener\">aqu\u00ed<\/a>, que resultar\u00edan dunha proporcionalidade non guiada polo m\u00e9todo d&#8217;Hondt. Algo que deber\u00eda terse presente \u00e1 hora tanto de valorar as elecci\u00f3ns como de procurar un cambio na normativa legal sobre elas.<\/p>\n<p>Sobre o Senado non po\u00f1o nada agora. Moito se leva falado da s\u00faa importancia ou falta dela e da conveniencia da s\u00faa eliminaci\u00f3n. E <a href=\"http:\/\/www.generales2011.mir.es\/99SN\/DSN99999TO_L1.htm\" target=\"_blank\" rel=\"noopener\">as cifras, 136-48-outros<\/a>, falan abondo. Queda para outra entrada.<\/p>\n<p>Collendo a primeira t\u00e1boa, de Ribadeo, atopamos que o PSOE do descalabro a nivel estatal (en Ribadeo perde 2\/5 respecto \u00e1s anteriores xerais), o que se ten pedido refundar dende xa antes das elecci\u00f3ns, resulta que acada perto de dobre n\u00famero de votos que nas elecci\u00f3ns locais. E en Ribadeo non se refundou&#8230;<\/p>\n<p>Tam\u00e9n observamos que o BNG perde case 2\/3 dos votos en relaci\u00f3n \u00e1s municipais debido \u00f3 efecto estatal, pero mellora resultados e \u00e9 un dos lugares de Galicia no que ten mellores cifras, conforme coas municipais. A\u00ednda as\u00ed, non aproveita a ca\u00edda de votos do PSOE.<\/p>\n<p><a href=\"https:\/\/blogger.googleusercontent.com\/img\/b\/R29vZ2xl\/AVvXsEi__2dNIagHmMmBD8Hn4nA3agF0Sp4otQUd50y8mmagFg2vWVjyRbkXXVDqZzT0XtC67CpQ17JT23sFabyj-DGpr9mpKe8QqYuHcRb3azzHMGpwyG3Fl134IoCoZ2rvIQN8vTDMEw\/s2048\/eleccions+xerais+2011+Ribadeo.jpg\" imageanchor=\"1\" style=\"margin-left: 1em; margin-right: 1em;\"><img loading=\"lazy\" decoding=\"async\" src=\"https:\/\/blogger.googleusercontent.com\/img\/b\/R29vZ2xl\/AVvXsEi__2dNIagHmMmBD8Hn4nA3agF0Sp4otQUd50y8mmagFg2vWVjyRbkXXVDqZzT0XtC67CpQ17JT23sFabyj-DGpr9mpKe8QqYuHcRb3azzHMGpwyG3Fl134IoCoZ2rvIQN8vTDMEw\/s2048\/eleccions+xerais+2011+Ribadeo.jpg\" height=\"444\" width=\"640\" \/><\/a><\/p>\n<p>A nivel provincial, o PSOE perde moito, pero a\u00ednda as\u00ed, non tanto relativamente como a nivel estatal. \u00c9 dicir, poder\u00edase dicir que Blanco segue tendo uso do efecto cacique, pois como te\u00f1o dito \u00e9 iso o que potenciaba o seu lema aqu\u00ed, m\u00e1is, a nivel Galicia, a perda de porcentaxe de votos \u00e9 semellante&#8230; Abrangue o efecto a toda Galicia ou non existe tal e hai que procurar o resultado noutro lugar?<\/p>\n<p>Do arrase do PP, xa esperado, pouco que dicir. En canto \u00f3 BNG, sab\u00edase da extrema dificultade de sacar un deputado e iso infl\u00fae en que a porcentaxe sexa menor que a nivel Galicia. O &#8216;voto \u00fatil&#8217; propiciado por d&#8217;Hondt.<\/p>\n<p><a href=\"https:\/\/blogger.googleusercontent.com\/img\/b\/R29vZ2xl\/AVvXsEjEqG2Im8emPVV7LEs3JATigfiWpsZuyLPMOeYS1Zl2gyKItMwzFLqF_d9XRwcOfkNb1dmjbeyQfJ-2_QToYaCtikqGZQVDRELoFuTMQPvGY69grF-daQK0tuxTyLEtNHKxocGDDA\/s2048\/eleccions+xerais+2011+Lugo.jpg\" imageanchor=\"1\" style=\"margin-left: 1em; margin-right: 1em;\"><img loading=\"lazy\" decoding=\"async\" src=\"https:\/\/blogger.googleusercontent.com\/img\/b\/R29vZ2xl\/AVvXsEjEqG2Im8emPVV7LEs3JATigfiWpsZuyLPMOeYS1Zl2gyKItMwzFLqF_d9XRwcOfkNb1dmjbeyQfJ-2_QToYaCtikqGZQVDRELoFuTMQPvGY69grF-daQK0tuxTyLEtNHKxocGDDA\/s2048\/eleccions+xerais+2011+Lugo.jpg\" height=\"452\" width=\"640\" \/><\/a><\/p>\n<p>A nivel Galicia, despois dos 2\/3 de nomeamentos a mans do PP, a nova \u00e9 que o BNG mant\u00e9n os dous deputados, pero sofre asemade unha pequena baixa no n\u00famero de votos, non recollendo nada do descalabro do PSOE.<\/p>\n<p><a href=\"https:\/\/blogger.googleusercontent.com\/img\/b\/R29vZ2xl\/AVvXsEjoiAzM7pnqo5JrLt53gxloklFpZeVs4b5RS2zkyGVpGEjdem9fnRV249CPYWVC8Whk7MVOf08gU2kUhyJcYF9KPDfCohiGMkZS0z8xjlXUmQ1fHMtkQ9EV4tAQiDqXTlo85kXdcA\/s2048\/eleccions+xerais+2011+Galicia.jpg\" imageanchor=\"1\" style=\"margin-left: 1em; margin-right: 1em;\"><img loading=\"lazy\" decoding=\"async\" src=\"https:\/\/blogger.googleusercontent.com\/img\/b\/R29vZ2xl\/AVvXsEjoiAzM7pnqo5JrLt53gxloklFpZeVs4b5RS2zkyGVpGEjdem9fnRV249CPYWVC8Whk7MVOf08gU2kUhyJcYF9KPDfCohiGMkZS0z8xjlXUmQ1fHMtkQ9EV4tAQiDqXTlo85kXdcA\/s2048\/eleccions+xerais+2011+Galicia.jpg\" height=\"488\" width=\"640\" \/><\/a><\/p>\n<p>A nivel estatal, o PP ten un colch\u00f3n de 20 deputados&nbsp; mentres que non chega \u00f3 45% dos votos emitidos. Aumenta a abstenci\u00f3n, pero sobre todo (a\u00ednda que represente menos en n\u00famero), aumentan os votos nulos e os votos en branco, conforme o desencanto da xente e a petici\u00f3n de diversas plataforma arredor do 15M.<\/p>\n<p>Aumenta IU, pero non o que perdeu PSOE, que se dispersa e vai tam\u00e9n a parar de xeito preferente a UPyD, que a unha certa distancia da porcentaxe de votos de IU, pero sobre todo, de actas de deputado, conv\u00edrtese na cuarta forza m\u00e1is votada.<\/p>\n<p>Do resto, a comparaci\u00f3n debe facerse coa <a href=\"https:\/\/docs.google.com\/spreadsheet\/lv?key=0Am-rc2Pm4dvYdC00ajlKZHA0cXNkVnVnV1lDakMzREE&amp;type=view&amp;gid=0&amp;f=true&amp;sortcolid=-1&amp;sortasc=true&amp;rowsperpage=250\" target=\"_blank\" rel=\"noopener\">proporcionalidade<\/a> para observar un cami\u00f1o.<\/p>\n<p>Sobre o futuro? Rajoy a\u00ednda non fixo declaraci\u00f3n m\u00e1is de que non prometera nada &#8230; a n\u00f3s. Nos papeis est\u00e1n as promesas variadas en funci\u00f3n do tempo, e todos temos algunha idea de por onde ve\u00f1en os tiros.<\/p>\n<p>[Por certo, algo a lembrar: para ver ampliada a t\u00e1boa de abaixo, premer co bot\u00f3n dereito para abrilo s\u00f3, e logo ampliar tam\u00e9n co rato] <\/p>\n<p><a href=\"https:\/\/blogger.googleusercontent.com\/img\/b\/R29vZ2xl\/AVvXsEjAOat6eNmKco6yTGsEqdmVaFpZ2hvl2bizhtLbNjdMtI_YTyQAXumfudNjifTtAxc4FPn3ApK9SSF38lxfVaCmHiC4Me3ys8KtkO0IHsdGa0A0h_bKs1KdCGHHcY6wOghR3OjQ7g\/s2048\/eleccions+xerais+2011+xeral.jpg\" imageanchor=\"1\" style=\"margin-left: 1em; margin-right: 1em;\"><img loading=\"lazy\" decoding=\"async\" src=\"https:\/\/blogger.googleusercontent.com\/img\/b\/R29vZ2xl\/AVvXsEjAOat6eNmKco6yTGsEqdmVaFpZ2hvl2bizhtLbNjdMtI_YTyQAXumfudNjifTtAxc4FPn3ApK9SSF38lxfVaCmHiC4Me3ys8KtkO0IHsdGa0A0h_bKs1KdCGHHcY6wOghR3OjQ7g\/s2048\/eleccions+xerais+2011+xeral.jpg\" height=\"640\" width=\"340\" \/><\/a><\/p>\n","protected":false},"excerpt":{"rendered":"<p>Estamos no d\u00eda despois. Abaixo deixo os resultados electorias de Ribadeo, Lugo, Galicia e Espa\u00f1a, tomados da p\u00e1xina oficial. Para os datos comarcais, aqu\u00ed. Coido que \u00e9 para pensar a comparaci\u00f3n dos resultados en escanos cos ofrecidos aqu\u00ed, que resultar\u00edan dunha proporcionalidade non guiada polo m\u00e9todo d&#8217;Hondt. Algo que deber\u00eda terse presente \u00e1 hora tanto [&hellip;]<\/p>\n","protected":false},"author":3,"featured_media":0,"comment_status":"open","ping_status":"closed","sticky":false,"template":"","format":"standard","meta":{"activitypub_content_warning":"","activitypub_content_visibility":"","activitypub_max_image_attachments":3,"activitypub_interaction_policy_quote":"anyone","activitypub_status":"federated","footnotes":""},"categories":[1],"tags":[137],"class_list":["post-7742","post","type-post","status-publish","format-standard","hentry","category-sen-categoria","tag-eleccions-xerais-2011"],"_links":{"self":[{"href":"https:\/\/blogs.amarinha.gal\/ribadeando\/wp-json\/wp\/v2\/posts\/7742","targetHints":{"allow":["GET"]}}],"collection":[{"href":"https:\/\/blogs.amarinha.gal\/ribadeando\/wp-json\/wp\/v2\/posts"}],"about":[{"href":"https:\/\/blogs.amarinha.gal\/ribadeando\/wp-json\/wp\/v2\/types\/post"}],"author":[{"embeddable":true,"href":"https:\/\/blogs.amarinha.gal\/ribadeando\/wp-json\/wp\/v2\/users\/3"}],"replies":[{"embeddable":true,"href":"https:\/\/blogs.amarinha.gal\/ribadeando\/wp-json\/wp\/v2\/comments?post=7742"}],"version-history":[{"count":0,"href":"https:\/\/blogs.amarinha.gal\/ribadeando\/wp-json\/wp\/v2\/posts\/7742\/revisions"}],"wp:attachment":[{"href":"https:\/\/blogs.amarinha.gal\/ribadeando\/wp-json\/wp\/v2\/media?parent=7742"}],"wp:term":[{"taxonomy":"category","embeddable":true,"href":"https:\/\/blogs.amarinha.gal\/ribadeando\/wp-json\/wp\/v2\/categories?post=7742"},{"taxonomy":"post_tag","embeddable":true,"href":"https:\/\/blogs.amarinha.gal\/ribadeando\/wp-json\/wp\/v2\/tags?post=7742"}],"curies":[{"name":"wp","href":"https:\/\/api.w.org\/{rel}","templated":true}]}}