{"id":7741,"date":"2011-11-22T07:45:00","date_gmt":"2011-11-22T06:45:00","guid":{"rendered":""},"modified":"2024-11-12T14:38:55","modified_gmt":"2024-11-12T13:38:55","slug":"spqr","status":"publish","type":"post","link":"https:\/\/blogs.amarinha.gal\/ribadeando\/2011\/11\/22\/spqr\/","title":{"rendered":"SPQR"},"content":{"rendered":"<p><a href=\"http:\/\/gl.wikipedia.org\/wiki\/SPQR\" target=\"_blank\" rel=\"noopener\">Senatus populusque romanus, o Senado e o pobo de Roma<\/a>. Se non lembro mal, era isa a lenda que levaban os estandartes das lexi\u00f3ns romanas, en representaci\u00f3n dunha comuni\u00f3n entre pobo e representantes na loita contra o exterior.<\/p>\n<p>No caso espa\u00f1ol, o Senado \u00e9, cando menos, algo diferente. E non porque nas \u00faltimas elecci\u00f3ns sexa os senadores do PP os que conseguiran os 2\/3 dos nomeamentos, facilitados polo agrupamento de candidatos por partido e nomeamentos nominales, sen\u00f3n polas funci\u00f3ns e os nomeamentos a dedo. 51 senadores son postos a dedo polas autonom\u00edas, o que fai 1\/5 da c\u00e1mara e inclina o poder do pobo cara onde marcan os extrapopulares, representantes elixidos por representantes, destilando en teor\u00eda maior\u00eda de maior\u00eda. E o Senado fai de &#8216;c\u00e1mara alta&#8217;, pretendendo ser unha &#8216;c\u00e1mara das rexi\u00f3ns&#8217; e non chegando a ningunha das d\u00faas, polo que se pide hai tempo a s\u00faa eliminaci\u00f3n. Non lembro ben agora como localizar un v\u00eddeo que vin hai pouco no que un senador (do BNG, por certo) ped\u00eda a disoluci\u00f3n do senado por inoperante.<\/p>\n<p>Despois diso, que importan neste caso os n\u00fameros? &#8230; pois mentras que este\u00f1a funcionando a\u00ednda que sexa a baixo ritmo, importan porque toma decisi\u00f3ns que nos afectan a todos, por moito qu enon sexa representativo ou que sinxelamente, &#8216;non sirva&#8217;.<\/p>\n","protected":false},"excerpt":{"rendered":"<p>Senatus populusque romanus, o Senado e o pobo de Roma. Se non lembro mal, era isa a lenda que levaban os estandartes das lexi\u00f3ns romanas, en representaci\u00f3n dunha comuni\u00f3n entre pobo e representantes na loita contra o exterior. No caso espa\u00f1ol, o Senado \u00e9, cando menos, algo diferente. E non porque nas \u00faltimas elecci\u00f3ns sexa [&hellip;]<\/p>\n","protected":false},"author":3,"featured_media":0,"comment_status":"open","ping_status":"closed","sticky":false,"template":"","format":"standard","meta":{"activitypub_content_warning":"","activitypub_content_visibility":"","activitypub_max_image_attachments":3,"activitypub_interaction_policy_quote":"anyone","activitypub_status":"federate","footnotes":""},"categories":[1],"tags":[137,13],"class_list":["post-7741","post","type-post","status-publish","format-standard","hentry","category-sen-categoria","tag-eleccions-xerais-2011","tag-politica"],"_links":{"self":[{"href":"https:\/\/blogs.amarinha.gal\/ribadeando\/wp-json\/wp\/v2\/posts\/7741","targetHints":{"allow":["GET"]}}],"collection":[{"href":"https:\/\/blogs.amarinha.gal\/ribadeando\/wp-json\/wp\/v2\/posts"}],"about":[{"href":"https:\/\/blogs.amarinha.gal\/ribadeando\/wp-json\/wp\/v2\/types\/post"}],"author":[{"embeddable":true,"href":"https:\/\/blogs.amarinha.gal\/ribadeando\/wp-json\/wp\/v2\/users\/3"}],"replies":[{"embeddable":true,"href":"https:\/\/blogs.amarinha.gal\/ribadeando\/wp-json\/wp\/v2\/comments?post=7741"}],"version-history":[{"count":0,"href":"https:\/\/blogs.amarinha.gal\/ribadeando\/wp-json\/wp\/v2\/posts\/7741\/revisions"}],"wp:attachment":[{"href":"https:\/\/blogs.amarinha.gal\/ribadeando\/wp-json\/wp\/v2\/media?parent=7741"}],"wp:term":[{"taxonomy":"category","embeddable":true,"href":"https:\/\/blogs.amarinha.gal\/ribadeando\/wp-json\/wp\/v2\/categories?post=7741"},{"taxonomy":"post_tag","embeddable":true,"href":"https:\/\/blogs.amarinha.gal\/ribadeando\/wp-json\/wp\/v2\/tags?post=7741"}],"curies":[{"name":"wp","href":"https:\/\/api.w.org\/{rel}","templated":true}]}}