{"id":7731,"date":"2011-12-02T08:05:00","date_gmt":"2011-12-02T07:05:00","guid":{"rendered":""},"modified":"2024-11-12T14:38:38","modified_gmt":"2024-11-12T13:38:38","slug":"quen-e-quen","status":"publish","type":"post","link":"https:\/\/blogs.amarinha.gal\/ribadeando\/2011\/12\/02\/quen-e-quen\/","title":{"rendered":"Quen \u00e9 quen?"},"content":{"rendered":"<p>Con varios cortes de luz tanto onte \u00e1 tarde-noite como esta ma\u00f1\u00e1, espero poder rematar o blog en tempo &#8230;<\/p>\n<p>En tempos revoltos, \u00e9 dif\u00edcil distinguir algo, a parte do derivado de &#8216;a r\u00edo revolto, ganancia de pescadores&#8217;. Despois do indulto da semana pasada dun banqueiro por parte do goberno (vice dun banco que condonou unha d\u00e9beda \u00f3 PSOE), hoxe parece ser que se <a href=\"http:\/\/feedproxy.google.com\/%7Er\/ElBlogDeEnriqueDans\/%7E3\/FlA0VLW9faw\/un-gobierno-en-funciones-no-puede-aprobar-hoy-la-ley-sinde.html\" target=\"_blank\" rel=\"noopener\">pretende aprobar a lei Sinde<\/a> por <a href=\"http:\/\/feedproxy.google.com\/%7Er\/ElBlogDeEnriqueDans\/%7E3\/QDYEHk_ryZc\/la-red-resiste.html\" target=\"_blank\" rel=\"noopener\">presi\u00f3ns diversas<\/a>, inclu\u00eddo for\u00e1neas.<\/p>\n<p>Se nos centramos en Ribadeo, nos catro partidos con representaci\u00f3n no pazo do concello atopamos alg\u00fan tipo de revoltillo. O primeiro, ideol\u00f3xico, de fondo, pois non son nin moito menos homox\u00e9neos. Pero tam\u00e9n persoal, ca un \u00f3 seu xeito. No maioritario, despois de aumentar a representaci\u00f3n, parece haber unha cohesi\u00f3n interna moi grande, liderada polo alcalde. Mais no seguinte nivel, a indecisi\u00f3n do futuro da formaci\u00f3n a nivel Galicia pode a moi curto prazo facer que as expectativas en Ribadeo cambien abondo. Dende o asalto do cabeza de lista a postos m\u00e1is altos ata a marxinaci\u00f3n non s\u00f3 a nivel institucional por ser oposici\u00f3n, sen\u00f3n a nivel da propia formaci\u00f3n.<\/p>\n<p>En canto \u00f3 segundo partido, os novos folgos non ocultan que despois dunha loita pola sucesi\u00f3n que era a comidilla do pobo, hai unha asimetr\u00eda na representaci\u00f3n, no sentido de traballo e participaci\u00f3n, mentras unha figura pasada con relaci\u00f3ns institucionais aparece ante a poboaci\u00f3n como estando e non estando, nunha especie de espectro brumoso que mant\u00e9n poder na sombra.<\/p>\n<p>UPRi cambiou de representante no concello, pero o ganar influencia na veci\u00f1a Asturias non compensa o anonimato \u00f3 que se viu submetido ata agora o segundo de a bordo, e a soidade alomenos aparente na que se move, palmadi\u00f1as na espalda a parte.<\/p>\n<p>E o PSOE xa ten sa\u00eddo moitas veces \u00e1 palestra no blog precisamente a conto da necesidade dunha refundaci\u00f3n ou polo menos forte reestruturaci\u00f3n interna que polo momento non se deixa ver, notando hai alg\u00fan tempo m\u00e1is ben un retroceso nese sentido con algunha dimisi\u00f3n.<\/p>\n<p>Todos sabemos quen \u00e9 quen no sentido de identificaci\u00f3n nome\/cara. M\u00e1is al\u00f3, en canto \u00e1s ideas e as acci\u00f3ns, pod\u00e9monos equivocar de xeito moito m\u00e1is doado.<\/p>\n","protected":false},"excerpt":{"rendered":"<p>Con varios cortes de luz tanto onte \u00e1 tarde-noite como esta ma\u00f1\u00e1, espero poder rematar o blog en tempo &#8230; En tempos revoltos, \u00e9 dif\u00edcil distinguir algo, a parte do derivado de &#8216;a r\u00edo revolto, ganancia de pescadores&#8217;. Despois do indulto da semana pasada dun banqueiro por parte do goberno (vice dun banco que condonou [&hellip;]<\/p>\n","protected":false},"author":3,"featured_media":0,"comment_status":"open","ping_status":"closed","sticky":false,"template":"","format":"standard","meta":{"activitypub_content_warning":"","activitypub_content_visibility":"","activitypub_max_image_attachments":3,"activitypub_interaction_policy_quote":"anyone","activitypub_status":"federated","footnotes":""},"categories":[1],"tags":[13],"class_list":["post-7731","post","type-post","status-publish","format-standard","hentry","category-sen-categoria","tag-politica"],"_links":{"self":[{"href":"https:\/\/blogs.amarinha.gal\/ribadeando\/wp-json\/wp\/v2\/posts\/7731","targetHints":{"allow":["GET"]}}],"collection":[{"href":"https:\/\/blogs.amarinha.gal\/ribadeando\/wp-json\/wp\/v2\/posts"}],"about":[{"href":"https:\/\/blogs.amarinha.gal\/ribadeando\/wp-json\/wp\/v2\/types\/post"}],"author":[{"embeddable":true,"href":"https:\/\/blogs.amarinha.gal\/ribadeando\/wp-json\/wp\/v2\/users\/3"}],"replies":[{"embeddable":true,"href":"https:\/\/blogs.amarinha.gal\/ribadeando\/wp-json\/wp\/v2\/comments?post=7731"}],"version-history":[{"count":0,"href":"https:\/\/blogs.amarinha.gal\/ribadeando\/wp-json\/wp\/v2\/posts\/7731\/revisions"}],"wp:attachment":[{"href":"https:\/\/blogs.amarinha.gal\/ribadeando\/wp-json\/wp\/v2\/media?parent=7731"}],"wp:term":[{"taxonomy":"category","embeddable":true,"href":"https:\/\/blogs.amarinha.gal\/ribadeando\/wp-json\/wp\/v2\/categories?post=7731"},{"taxonomy":"post_tag","embeddable":true,"href":"https:\/\/blogs.amarinha.gal\/ribadeando\/wp-json\/wp\/v2\/tags?post=7731"}],"curies":[{"name":"wp","href":"https:\/\/api.w.org\/{rel}","templated":true}]}}