{"id":773,"date":"2024-03-24T10:25:00","date_gmt":"2024-03-24T09:25:00","guid":{"rendered":""},"modified":"2024-10-23T11:16:58","modified_gmt":"2024-10-23T09:16:58","slug":"pregon-da-semana-santa-2024","status":"publish","type":"post","link":"https:\/\/blogs.amarinha.gal\/ribadeando\/2024\/03\/24\/pregon-da-semana-santa-2024\/","title":{"rendered":"Preg\u00f3n da Semana Santa de Ribadeo 2024"},"content":{"rendered":"<div>\n<div class=\"separator\" style=\"clear: both; text-align: center;\"><a href=\"https:\/\/blogger.googleusercontent.com\/img\/b\/R29vZ2xl\/AVvXsEhlNGz1w8kzLcPnrE_Kj4jvdot0H8QYsKAGdOZ6KKsifMFr11uu4E5YPPWFWRPihP24cpU7rCDxLiH_w1ujiljX-QL9vgm-OM9yBpDMfHITc0emZ4B0Ej58z3YAydjvQgiPghR-LIyGKmdiTHyXbAD9oNQpIQyl4GrSX5EJ8DhjwBnEM2r6NjbqLw\/s1427\/Alfonso%20pregonado.jpeg\" style=\"margin-left: 1em; margin-right: 1em;\"><img loading=\"lazy\" decoding=\"async\" border=\"0\" data-original-height=\"1427\" data-original-width=\"1400\" height=\"641\" src=\"https:\/\/blogs.amarinha.gal\/ribadeando\/wp-content\/uploads\/sites\/4\/2024\/03\/Alfonso20pregonado.jpeg\" class=\"wp-image-774\" width=\"629\" \/><\/a><\/div>\n<p><\/div>\n<div style=\"text-align: justify;\">&nbsp;<span>&nbsp;&nbsp;&nbsp; <\/span>Onte foi o preg\u00f3n da Semana Santa. O orador foi o bispo de Lugo, <a href=\"https:\/\/blogs.amarinha.gal\/ribadeando\/search?q=Alfonso+Carrasco\" rel=\"nofollow noopener\" target=\"_blank\">Monse\u00f1or Alfonso Carrasco Rouco<\/a>, na imaxe de <a href=\"https:\/\/blogs.amarinha.gal\/ribadeando\/search\/label\/Celia%20Castro\" rel=\"nofollow noopener\" target=\"_blank\">Celia Castro<\/a>. En baixo deixo a presentaci\u00f3n feita polo cura p\u00e1rroco de Santa Mar\u00eda do Campo e a s\u00faa intervenci\u00f3n, e o d\u00edptico da intervenci\u00f3n posterior de <a href=\"https:\/\/blogs.amarinha.gal\/ribadeando\/search?q=coral+polif%C3%B3nica\" rel=\"nofollow noopener\" target=\"_blank\">Coral Polif\u00f3nica de Ribadeo<\/a> e Coro do Sgdo. Coraz\u00f3n, co cartel feito por <a href=\"https:\/\/blogs.amarinha.gal\/ribadeando\/search?q=Juan+est%C3%A9vez\" rel=\"nofollow noopener\" target=\"_blank\">Juan Est\u00e9vez<\/a>.<\/div>\n<div>\n<p><iframe loading=\"lazy\" frameborder=\"0\" height=\"200px\" src=\"https:\/\/www.podcasts.com\/embed\/episode\/ribadeando-3a91407da\/pregon-de-semana-santa\" title=\"Preg\u00f3n de Semana Santa\" width=\"100%\"><\/iframe><\/p>\n<div class=\"separator\" style=\"clear: both; text-align: center;\"><a href=\"https:\/\/blogger.googleusercontent.com\/img\/b\/R29vZ2xl\/AVvXsEi7et2uXZFlLeAErUuuIqOYcZzCs2hAIqipnJ1tt2KX7uZiChHJPRTtqS03DCCVh1u4QPFIJykBdJyY-VQf0foA-dG1yA298uhuFOxxbQS2TrU97r5CM4yQHrDsZyvQtyNXpGLKJztREzzyVe1SSv6k8NGedqDsPI9X0dZSU0zyeh3xvDiSSbi2Nw\/s2500\/Semana%20Santa%202024-1.jpg\" imageanchor=\"1\" style=\"margin-left: 1em; margin-right: 1em;\"><img loading=\"lazy\" decoding=\"async\" border=\"0\" data-original-height=\"2479\" data-original-width=\"2500\" height=\"634\" src=\"https:\/\/blogs.amarinha.gal\/ribadeando\/wp-content\/uploads\/sites\/4\/2024\/03\/Semana20Santa202024-1.jpg\" class=\"wp-image-775\" width=\"640\" \/><\/a><\/div>\n<p><\/p>\n<div class=\"separator\" style=\"clear: both; text-align: center;\"><a href=\"https:\/\/blogger.googleusercontent.com\/img\/b\/R29vZ2xl\/AVvXsEjHrlSvJ2XR2E3bavMd0DJYwqzD6EnTe5l8PAwrXOcJNm3MUgZLJMFSM2RRrt8nxHtszXFafm7c7a_OB7kawzoX0IImArgNB7dR5utAdrc4e_Du0ilx72879zuSXI_P1bepW9nbvJJQztthmJ2Dak15LlqOz7quMKHGX5MxJHbMrGj-WneEQdIaaQ\/s2500\/Semana%20Santa%202024-2.jpg\" imageanchor=\"1\" style=\"margin-left: 1em; margin-right: 1em;\"><img loading=\"lazy\" decoding=\"async\" border=\"0\" data-original-height=\"2479\" data-original-width=\"2500\" height=\"634\" src=\"https:\/\/blogs.amarinha.gal\/ribadeando\/wp-content\/uploads\/sites\/4\/2024\/03\/Semana20Santa202024-2.jpg\" class=\"wp-image-776\" width=\"640\" \/><\/a><\/div>\n<p><\/p>\n<p><\/p>\n<p><\/p>\n<\/div>\n","protected":false},"excerpt":{"rendered":"<p>&nbsp;&nbsp;&nbsp;&nbsp; Onte foi o preg\u00f3n da Semana Santa. O orador foi o bispo de Lugo, Monse\u00f1or Alfonso Carrasco Rouco, na imaxe de Celia Castro. En baixo deixo a presentaci\u00f3n feita polo cura p\u00e1rroco de Santa Mar\u00eda do Campo e a s\u00faa intervenci\u00f3n, e o d\u00edptico da intervenci\u00f3n posterior de Coral Polif\u00f3nica de Ribadeo e Coro [&hellip;]<\/p>\n","protected":false},"author":3,"featured_media":774,"comment_status":"open","ping_status":"closed","sticky":false,"template":"","format":"standard","meta":{"activitypub_content_warning":"","activitypub_content_visibility":"","activitypub_max_image_attachments":3,"activitypub_interaction_policy_quote":"anyone","activitypub_status":"","footnotes":""},"categories":[1],"tags":[45,25],"class_list":["post-773","post","type-post","status-publish","format-standard","has-post-thumbnail","hentry","category-sen-categoria","tag-celia-castro","tag-festas"],"_links":{"self":[{"href":"https:\/\/blogs.amarinha.gal\/ribadeando\/wp-json\/wp\/v2\/posts\/773","targetHints":{"allow":["GET"]}}],"collection":[{"href":"https:\/\/blogs.amarinha.gal\/ribadeando\/wp-json\/wp\/v2\/posts"}],"about":[{"href":"https:\/\/blogs.amarinha.gal\/ribadeando\/wp-json\/wp\/v2\/types\/post"}],"author":[{"embeddable":true,"href":"https:\/\/blogs.amarinha.gal\/ribadeando\/wp-json\/wp\/v2\/users\/3"}],"replies":[{"embeddable":true,"href":"https:\/\/blogs.amarinha.gal\/ribadeando\/wp-json\/wp\/v2\/comments?post=773"}],"version-history":[{"count":0,"href":"https:\/\/blogs.amarinha.gal\/ribadeando\/wp-json\/wp\/v2\/posts\/773\/revisions"}],"wp:featuredmedia":[{"embeddable":true,"href":"https:\/\/blogs.amarinha.gal\/ribadeando\/wp-json\/wp\/v2\/media\/774"}],"wp:attachment":[{"href":"https:\/\/blogs.amarinha.gal\/ribadeando\/wp-json\/wp\/v2\/media?parent=773"}],"wp:term":[{"taxonomy":"category","embeddable":true,"href":"https:\/\/blogs.amarinha.gal\/ribadeando\/wp-json\/wp\/v2\/categories?post=773"},{"taxonomy":"post_tag","embeddable":true,"href":"https:\/\/blogs.amarinha.gal\/ribadeando\/wp-json\/wp\/v2\/tags?post=773"}],"curies":[{"name":"wp","href":"https:\/\/api.w.org\/{rel}","templated":true}]}}