{"id":7729,"date":"2011-12-05T08:28:00","date_gmt":"2011-12-05T07:28:00","guid":{"rendered":""},"modified":"2024-11-12T14:38:35","modified_gmt":"2024-11-12T13:38:35","slug":"que-alegria","status":"publish","type":"post","link":"https:\/\/blogs.amarinha.gal\/ribadeando\/2011\/12\/05\/que-alegria\/","title":{"rendered":"Que alegr\u00eda!"},"content":{"rendered":"<p>Que alegr\u00eda! Non, non \u00e9 polo mercado do Nadal, nin pola proximidade destas datas nas que a obriga de consumir vai producindo un subid\u00f3n de adrenalina que se confunde de xeito case obrigado coa alegr\u00eda. Non. quince d\u00edas despois das elecci\u00f3ns, a cousa vai por outros cami\u00f1os. Por fin saberemos (mellor dito, confirmaremos) a pol\u00edtica econ\u00f3mica do novo goberno, pois esta semana o novo mandam\u00e1is pol\u00edtico espa\u00f1ol reunirase (f\u00f3ra de Espa\u00f1a) con xente de partidos af\u00edns de toda Europa, e moi en particular, con Merkel, e xa ten anunciado (f\u00edxoo precisamente en Galicia) que al\u00ed ser\u00e1 o momento que estabamos esperando, a revelaci\u00f3n, a confirmaci\u00f3n do que supo\u00f1emos. Al\u00ed se producir\u00e1 a nova, e dal\u00ed vir\u00e1 a liberaci\u00f3n de pensamentos: xa non haber\u00e1 suposici\u00f3ns, sen\u00f3n certezas.<\/p>\n<p>Dun xeito incomparablemente menos importante, a Asamblea de indignados da Mari\u00f1a e Occidente Astur, despois da Asamblea de Navia antonte, remata de po\u00f1er a disposici\u00f3n do p\u00fablico a <a href=\"https:\/\/n-1.cc\/mod\/file\/download.php?file_guid=1013826\" target=\"_blank\" rel=\"noopener\">acta<\/a>.<\/p>\n","protected":false},"excerpt":{"rendered":"<p>Que alegr\u00eda! Non, non \u00e9 polo mercado do Nadal, nin pola proximidade destas datas nas que a obriga de consumir vai producindo un subid\u00f3n de adrenalina que se confunde de xeito case obrigado coa alegr\u00eda. Non. quince d\u00edas despois das elecci\u00f3ns, a cousa vai por outros cami\u00f1os. Por fin saberemos (mellor dito, confirmaremos) a pol\u00edtica [&hellip;]<\/p>\n","protected":false},"author":3,"featured_media":0,"comment_status":"open","ping_status":"closed","sticky":false,"template":"","format":"standard","meta":{"activitypub_content_warning":"","activitypub_content_visibility":"","activitypub_max_image_attachments":3,"activitypub_interaction_policy_quote":"anyone","activitypub_status":"federated","footnotes":""},"categories":[1],"tags":[13],"class_list":["post-7729","post","type-post","status-publish","format-standard","hentry","category-sen-categoria","tag-politica"],"_links":{"self":[{"href":"https:\/\/blogs.amarinha.gal\/ribadeando\/wp-json\/wp\/v2\/posts\/7729","targetHints":{"allow":["GET"]}}],"collection":[{"href":"https:\/\/blogs.amarinha.gal\/ribadeando\/wp-json\/wp\/v2\/posts"}],"about":[{"href":"https:\/\/blogs.amarinha.gal\/ribadeando\/wp-json\/wp\/v2\/types\/post"}],"author":[{"embeddable":true,"href":"https:\/\/blogs.amarinha.gal\/ribadeando\/wp-json\/wp\/v2\/users\/3"}],"replies":[{"embeddable":true,"href":"https:\/\/blogs.amarinha.gal\/ribadeando\/wp-json\/wp\/v2\/comments?post=7729"}],"version-history":[{"count":0,"href":"https:\/\/blogs.amarinha.gal\/ribadeando\/wp-json\/wp\/v2\/posts\/7729\/revisions"}],"wp:attachment":[{"href":"https:\/\/blogs.amarinha.gal\/ribadeando\/wp-json\/wp\/v2\/media?parent=7729"}],"wp:term":[{"taxonomy":"category","embeddable":true,"href":"https:\/\/blogs.amarinha.gal\/ribadeando\/wp-json\/wp\/v2\/categories?post=7729"},{"taxonomy":"post_tag","embeddable":true,"href":"https:\/\/blogs.amarinha.gal\/ribadeando\/wp-json\/wp\/v2\/tags?post=7729"}],"curies":[{"name":"wp","href":"https:\/\/api.w.org\/{rel}","templated":true}]}}