{"id":7727,"date":"2011-12-06T11:29:00","date_gmt":"2011-12-06T10:29:00","guid":{"rendered":""},"modified":"2024-11-12T14:38:31","modified_gmt":"2024-11-12T13:38:31","slug":"constitucion","status":"publish","type":"post","link":"https:\/\/blogs.amarinha.gal\/ribadeando\/2011\/12\/06\/constitucion\/","title":{"rendered":"Constituci\u00f3n"},"content":{"rendered":"<p>Estamos constitu\u00eddos como Espa\u00f1a. Para min, ese \u00e9 o significado da constituci\u00f3n. Ese acordo, de varialo, debe ser consensuado entre os afectados, sen componendas r\u00e1pidas de mercados ou parellas de l\u00edderes.<\/p>\n<p>Mais, resulta que os pol\u00edticos son nomeados os enlaces xestores das leis, e a\u00ed comeza a deconstrucci\u00f3n. Porque neste pa\u00eds xa non nos fiamos dos pol\u00edticos nin dos seus m\u00e9todos. Resulta que o \u00faltimo <a href=\"http:\/\/www.weforum.org\/reports-results?fq=report%5Eissues%3A%22Competitiveness%22\" target=\"_blank\" rel=\"noopener\">informe de competitividade global do Foro Econ\u00f3mico Mundial<\/a> ten d\u00faas t\u00e1boas interesantes nese sentido (descobertas a traverso de E. Dans), a <a href=\"http:\/\/www.enriquedans.com\/wp-content\/uploads\/2011\/12\/Public-trust-of-politicians.pdf\" target=\"_blank\" rel=\"noopener\">confianza nos pol\u00edticos<\/a> e a <a href=\"http:\/\/www.enriquedans.com\/wp-content\/uploads\/2011\/12\/transparency.pdf\" target=\"_blank\" rel=\"noopener\">transparencia do xeito no que se fai a pol\u00edtica<\/a> na maior\u00eda dos pa\u00edses do mundo. Espa\u00f1a suspende &#8216;con nota&#8217; na confianza e qu\u00e9dase xusto na metade da t\u00e1boa, pero tam\u00e9n suspensa, na transparencia. E o foro Econ\u00f3mica Mundial non \u00e9 precisamente o movemento 15M.<\/p>\n","protected":false},"excerpt":{"rendered":"<p>Estamos constitu\u00eddos como Espa\u00f1a. Para min, ese \u00e9 o significado da constituci\u00f3n. Ese acordo, de varialo, debe ser consensuado entre os afectados, sen componendas r\u00e1pidas de mercados ou parellas de l\u00edderes. Mais, resulta que os pol\u00edticos son nomeados os enlaces xestores das leis, e a\u00ed comeza a deconstrucci\u00f3n. Porque neste pa\u00eds xa non nos fiamos [&hellip;]<\/p>\n","protected":false},"author":3,"featured_media":0,"comment_status":"open","ping_status":"closed","sticky":false,"template":"","format":"standard","meta":{"activitypub_content_warning":"","activitypub_content_visibility":"","activitypub_max_image_attachments":3,"activitypub_interaction_policy_quote":"anyone","activitypub_status":"federated","footnotes":""},"categories":[1],"tags":[13],"class_list":["post-7727","post","type-post","status-publish","format-standard","hentry","category-sen-categoria","tag-politica"],"_links":{"self":[{"href":"https:\/\/blogs.amarinha.gal\/ribadeando\/wp-json\/wp\/v2\/posts\/7727","targetHints":{"allow":["GET"]}}],"collection":[{"href":"https:\/\/blogs.amarinha.gal\/ribadeando\/wp-json\/wp\/v2\/posts"}],"about":[{"href":"https:\/\/blogs.amarinha.gal\/ribadeando\/wp-json\/wp\/v2\/types\/post"}],"author":[{"embeddable":true,"href":"https:\/\/blogs.amarinha.gal\/ribadeando\/wp-json\/wp\/v2\/users\/3"}],"replies":[{"embeddable":true,"href":"https:\/\/blogs.amarinha.gal\/ribadeando\/wp-json\/wp\/v2\/comments?post=7727"}],"version-history":[{"count":0,"href":"https:\/\/blogs.amarinha.gal\/ribadeando\/wp-json\/wp\/v2\/posts\/7727\/revisions"}],"wp:attachment":[{"href":"https:\/\/blogs.amarinha.gal\/ribadeando\/wp-json\/wp\/v2\/media?parent=7727"}],"wp:term":[{"taxonomy":"category","embeddable":true,"href":"https:\/\/blogs.amarinha.gal\/ribadeando\/wp-json\/wp\/v2\/categories?post=7727"},{"taxonomy":"post_tag","embeddable":true,"href":"https:\/\/blogs.amarinha.gal\/ribadeando\/wp-json\/wp\/v2\/tags?post=7727"}],"curies":[{"name":"wp","href":"https:\/\/api.w.org\/{rel}","templated":true}]}}