{"id":7725,"date":"2011-12-08T10:53:00","date_gmt":"2011-12-08T09:53:00","guid":{"rendered":""},"modified":"2024-11-12T14:38:29","modified_gmt":"2024-11-12T13:38:29","slug":"resulta-curioso-o-da-familia-real","status":"publish","type":"post","link":"https:\/\/blogs.amarinha.gal\/ribadeando\/2011\/12\/08\/resulta-curioso-o-da-familia-real\/","title":{"rendered":"Resulta curioso, o da familia real"},"content":{"rendered":"<p>Levamos xa un d\u00eda enteiro en shock coa familia \/macro\/mini\/ real. <a href=\"http:\/\/im-pulso.blogspot.com\/2011\/12\/y-justo-ahora-con-urdangarin-en-capilla.html\" target=\"_blank\" rel=\"noopener\">An\u00fanciase unha especie de &#8216;ERE<\/a>&#8216; cando m\u00e1is beneficios obt\u00e9n, a\u00ednda que sexa por m\u00e9todos pouco ortodoxos, \u00f3 igual que outras moitas empresas. Por eso da empresa familiar e a iconograf\u00eda, resulta chocante, e contrasta m\u00e1is co punto actual doutros mill\u00f3ns de &#8216;empresas familiares&#8217;, que non s\u00f3 non fan ERE, sen\u00f3n que reampl\u00edan a s\u00faa rede [rede familiar, lle chaman] de consideraci\u00f3n de familiares ata onde poden (e m\u00e1is al\u00f3), ou ben planifican dende hai alg\u00fan tempo que non haxa m\u00e1is ampliaci\u00f3n familiar porque non poden asumila [voltou caer a natalidade]. Aqu\u00ed non se trata de 1% vs 99%, sen\u00f3n que as porcentaxes son abondo m\u00e1is escandalosas.<\/p>\n","protected":false},"excerpt":{"rendered":"<p>Levamos xa un d\u00eda enteiro en shock coa familia \/macro\/mini\/ real. An\u00fanciase unha especie de &#8216;ERE&#8216; cando m\u00e1is beneficios obt\u00e9n, a\u00ednda que sexa por m\u00e9todos pouco ortodoxos, \u00f3 igual que outras moitas empresas. Por eso da empresa familiar e a iconograf\u00eda, resulta chocante, e contrasta m\u00e1is co punto actual doutros mill\u00f3ns de &#8216;empresas familiares&#8217;, que [&hellip;]<\/p>\n","protected":false},"author":3,"featured_media":0,"comment_status":"open","ping_status":"closed","sticky":false,"template":"","format":"standard","meta":{"activitypub_content_warning":"","activitypub_content_visibility":"","activitypub_max_image_attachments":3,"activitypub_interaction_policy_quote":"anyone","activitypub_status":"federated","footnotes":""},"categories":[1],"tags":[21,9],"class_list":["post-7725","post","type-post","status-publish","format-standard","hentry","category-sen-categoria","tag-economia","tag-sociedade"],"_links":{"self":[{"href":"https:\/\/blogs.amarinha.gal\/ribadeando\/wp-json\/wp\/v2\/posts\/7725","targetHints":{"allow":["GET"]}}],"collection":[{"href":"https:\/\/blogs.amarinha.gal\/ribadeando\/wp-json\/wp\/v2\/posts"}],"about":[{"href":"https:\/\/blogs.amarinha.gal\/ribadeando\/wp-json\/wp\/v2\/types\/post"}],"author":[{"embeddable":true,"href":"https:\/\/blogs.amarinha.gal\/ribadeando\/wp-json\/wp\/v2\/users\/3"}],"replies":[{"embeddable":true,"href":"https:\/\/blogs.amarinha.gal\/ribadeando\/wp-json\/wp\/v2\/comments?post=7725"}],"version-history":[{"count":0,"href":"https:\/\/blogs.amarinha.gal\/ribadeando\/wp-json\/wp\/v2\/posts\/7725\/revisions"}],"wp:attachment":[{"href":"https:\/\/blogs.amarinha.gal\/ribadeando\/wp-json\/wp\/v2\/media?parent=7725"}],"wp:term":[{"taxonomy":"category","embeddable":true,"href":"https:\/\/blogs.amarinha.gal\/ribadeando\/wp-json\/wp\/v2\/categories?post=7725"},{"taxonomy":"post_tag","embeddable":true,"href":"https:\/\/blogs.amarinha.gal\/ribadeando\/wp-json\/wp\/v2\/tags?post=7725"}],"curies":[{"name":"wp","href":"https:\/\/api.w.org\/{rel}","templated":true}]}}