{"id":7718,"date":"2011-12-15T08:06:00","date_gmt":"2011-12-15T07:06:00","guid":{"rendered":""},"modified":"2024-11-12T14:38:12","modified_gmt":"2024-11-12T13:38:12","slug":"consello-de-contas-e-outro-tipo-de","status":"publish","type":"post","link":"https:\/\/blogs.amarinha.gal\/ribadeando\/2011\/12\/15\/consello-de-contas-e-outro-tipo-de\/","title":{"rendered":"Consello de contas, e outro tipo de contas."},"content":{"rendered":"<p>Unha amiga pasoume a referencia para chegar \u00f3 seguinte:<\/p>\n<p>*Provincia &#8211; Tipo entidade &#8211; CIF  &#8211;&nbsp;&nbsp;&nbsp;&nbsp;&nbsp;&nbsp; Nome &#8211;&nbsp;&nbsp;&nbsp;&nbsp;&nbsp;&nbsp; Data remisi\u00f3n&nbsp;&nbsp;&nbsp;&nbsp;&nbsp;&nbsp;&nbsp;&nbsp;&nbsp;&nbsp; *<\/p>\n<p>*LUGO-CONCELLO-&nbsp;&nbsp;&nbsp; P2705100B-RIBADEO-21\/11\/11-Fora de prazo *<\/p>\n<p>\u00e9 dicir, o concello de Ribadeo enviou as contas f\u00f3ra de prazo, como pode verse <a href=\"https:\/\/www.rendiciondecontas.es\/files\/reports\/reports\/resumo2010.html\" target=\"_blank\" rel=\"noopener\">aqu\u00ed<\/a>.<\/p>\n<p>\u00c9 unha web curiosa, esta do consello de contas. <a href=\"https:\/\/www.rendiciondecontas.es\/files\/reports\/reports\/resumo.html\" target=\"_blank\" rel=\"noopener\">Por exemplo<\/a>, a t\u00e1boa seguinte. Obs\u00e9rvase que cada vez os concellos van apurando m\u00e1is a presentaci\u00f3n de contas, pero a\u00ednda as\u00ed, a porcentaxe de contas correspondente \u00f3 pasado ano presentadas o 15 de outubro deste \u00e9 abondo baixo, do orde de 2\/3 [non axusto m\u00e1is porque por diversas fontes vexo que Galicia ten 315 concellos, mentras que para o 2006 na t\u00e1boa aparecen entregadas contas de abondos m\u00e1is, seguramente contando outras entidades como Deputaci\u00f3ns, que aparecen no listado que ligo primeiro, e mesmo posiblemente por duplicado entidades \u00e1s que lle foi reclamada a revisi\u00f3n]:<\/p>\n<p><a href=\"https:\/\/blogger.googleusercontent.com\/img\/b\/R29vZ2xl\/AVvXsEh0wbsl2tzNQAgLmwcmw7G_SZzBZb0fpsECGPdFC1ECr3iMyHSsPFD4IZTVLSOTeuvRrryV0OP-sOhjpODUCE2H72K5glXI-4qIhqnHQQxed6e5VtU1Y52m1gfa5rqhd3DBy6Qgmw\/s2048\/consellodecontas.jpg\" imageanchor=\"1\" style=\"margin-left: 1em; margin-right: 1em;\"><img loading=\"lazy\" decoding=\"async\" height=\"254\" src=\"https:\/\/blogger.googleusercontent.com\/img\/b\/R29vZ2xl\/AVvXsEh0wbsl2tzNQAgLmwcmw7G_SZzBZb0fpsECGPdFC1ECr3iMyHSsPFD4IZTVLSOTeuvRrryV0OP-sOhjpODUCE2H72K5glXI-4qIhqnHQQxed6e5VtU1Y52m1gfa5rqhd3DBy6Qgmw\/s2048\/consellodecontas.jpg\" width=\"640\" \/><\/a><\/p>\n<p>En canto a outro tipo de contas, despois de indultar a banqueiros e empresarios, o goberno &#8216;estudar\u00e1&#8217; (as\u00ed, en futuro), <a href=\"http:\/\/www.publico.es\/espana\/412169\/el-consejo-de-ministros-estudiara-el-indulto-a-miguel-montes-neiro\" target=\"_blank\" rel=\"noopener\">un indulto pedido por moita xente<\/a>. Pero dos indultos a xente que dalg\u00fan xeito ten cartos e contactos non \u00e9 raro. \u00d3 fin, <a href=\"http:\/\/noticias.lainformacion.com\/policia-y-justicia\/fraude\/tecnicos-de-hacienda-recuerdan-que-mas-del-71-de-la-evasion-fiscal-la-cometen-las-grandes-fortunas-y-las-grandes-empresas_HW75lSfP2yN4VCx5qkzC81\/\" target=\"_blank\" rel=\"noopener\">a protecci\u00f3n xeral que goza certa xente implica pola v\u00eda da acci\u00f3n<\/a> aquelo de que a porcentaxe de presos sudamericanos (por po\u00f1er un exemplo de &#8216;clase menos favorecida&#8217;) \u00e9 abondo maior que o que corresponde \u00e1 porcentaxe de sudamericanos residentes en Espa\u00f1a.<\/p>\n<p>Por suposto, a situaci\u00f3n econ\u00f3mica infl\u00fae, como no caso do estudo brit\u00e1nico que amosa que <a href=\"http:\/\/www.publico.es\/espana\/412170\/cada-vez-mas-estudiantes-britanicas-se-prostituyen-para-pagarse-los-estudios\" target=\"_blank\" rel=\"noopener\">as rapazas brit\u00e1nicas est\u00e1n a prostitu\u00edrse para pagarse os estudos<\/a>. \u00c9 raro as\u00ed que se vaia cara \u00e1 protesta masiva, desobediencia civil &#8230;? (e non se sabe onde parar\u00e1). Non, como tampouco que a nova de hoxe sexa que <a href=\"http:\/\/feedproxy.google.com\/%7Er\/ElBlogDeEnriqueDans\/%7E3\/y-S6Xh4u_0U\/time-person-of-the-year-2011-the-protester.html\" target=\"_blank\" rel=\"noopener\">a &#8216;persoa protesta&#8217; sexa portada en Time como persoa do ano<\/a>.<\/p>\n<p>Pero deixemos de xeralizar e voltemos \u00e1 pol\u00edtica m\u00e1is achegada con d\u00faas novas que indican que por estes lares os manexos pol\u00edticos priman sobre a pol\u00edtica como acci\u00f3n para solucionar os problemas do pobo. A conto da residencia de maiores de Ribadeo, e o que fan\/din xunta e Deputaci\u00f3n (a lembrar, en mans pol\u00edticas diferentes nestes momentos): <a href=\"http:\/\/www.cronica3.com\/2011\/12\/a-deputacion-obrigada-a-reducir-residencias-da-terceira-idade-ante-a-negativa-da-xunta-a-concertar-prazas\/\" target=\"_blank\" rel=\"noopener\">O que &#8216;fai&#8217; a Deputaci\u00f3n<\/a> e o que <a href=\"http:\/\/www.cronica3.com\/2011\/12\/a-conselleira-de-traballo-aposta-por-tender-pontes-e-presenta-un-novo-mapa-de-residencias-de-galicia\/\" target=\"_blank\" rel=\"noopener\">&#8216;fai&#8217; a Xunta<\/a>. Coido que ser\u00eda cousa de non ler as ligaz\u00f3ns anteriores por separado. A idea que se saca pode ser abondo diferente&#8230;<\/p>\n","protected":false},"excerpt":{"rendered":"<p>Unha amiga pasoume a referencia para chegar \u00f3 seguinte: *Provincia &#8211; Tipo entidade &#8211; CIF &#8211;&nbsp;&nbsp;&nbsp;&nbsp;&nbsp;&nbsp; Nome &#8211;&nbsp;&nbsp;&nbsp;&nbsp;&nbsp;&nbsp; Data remisi\u00f3n&nbsp;&nbsp;&nbsp;&nbsp;&nbsp;&nbsp;&nbsp;&nbsp;&nbsp;&nbsp; * *LUGO-CONCELLO-&nbsp;&nbsp;&nbsp; P2705100B-RIBADEO-21\/11\/11-Fora de prazo * \u00e9 dicir, o concello de Ribadeo enviou as contas f\u00f3ra de prazo, como pode verse aqu\u00ed. \u00c9 unha web curiosa, esta do consello de contas. Por exemplo, a t\u00e1boa [&hellip;]<\/p>\n","protected":false},"author":3,"featured_media":0,"comment_status":"open","ping_status":"closed","sticky":false,"template":"","format":"standard","meta":{"activitypub_content_warning":"","activitypub_content_visibility":"","activitypub_max_image_attachments":3,"activitypub_interaction_policy_quote":"anyone","activitypub_status":"federate","footnotes":""},"categories":[1],"tags":[102,21,13],"class_list":["post-7718","post","type-post","status-publish","format-standard","hentry","category-sen-categoria","tag-15m","tag-economia","tag-politica"],"_links":{"self":[{"href":"https:\/\/blogs.amarinha.gal\/ribadeando\/wp-json\/wp\/v2\/posts\/7718","targetHints":{"allow":["GET"]}}],"collection":[{"href":"https:\/\/blogs.amarinha.gal\/ribadeando\/wp-json\/wp\/v2\/posts"}],"about":[{"href":"https:\/\/blogs.amarinha.gal\/ribadeando\/wp-json\/wp\/v2\/types\/post"}],"author":[{"embeddable":true,"href":"https:\/\/blogs.amarinha.gal\/ribadeando\/wp-json\/wp\/v2\/users\/3"}],"replies":[{"embeddable":true,"href":"https:\/\/blogs.amarinha.gal\/ribadeando\/wp-json\/wp\/v2\/comments?post=7718"}],"version-history":[{"count":0,"href":"https:\/\/blogs.amarinha.gal\/ribadeando\/wp-json\/wp\/v2\/posts\/7718\/revisions"}],"wp:attachment":[{"href":"https:\/\/blogs.amarinha.gal\/ribadeando\/wp-json\/wp\/v2\/media?parent=7718"}],"wp:term":[{"taxonomy":"category","embeddable":true,"href":"https:\/\/blogs.amarinha.gal\/ribadeando\/wp-json\/wp\/v2\/categories?post=7718"},{"taxonomy":"post_tag","embeddable":true,"href":"https:\/\/blogs.amarinha.gal\/ribadeando\/wp-json\/wp\/v2\/tags?post=7718"}],"curies":[{"name":"wp","href":"https:\/\/api.w.org\/{rel}","templated":true}]}}