{"id":7715,"date":"2011-12-19T08:05:00","date_gmt":"2011-12-19T07:05:00","guid":{"rendered":""},"modified":"2024-11-12T14:38:07","modified_gmt":"2024-11-12T13:38:07","slug":"semana-mais-curta","status":"publish","type":"post","link":"https:\/\/blogs.amarinha.gal\/ribadeando\/2011\/12\/19\/semana-mais-curta\/","title":{"rendered":"A semana m\u00e1is curta"},"content":{"rendered":"<p>Estamos na semana m\u00e1is curta do ano. Vale, t\u00f3dalas semanas te\u00f1en o mesmo tempo, pero ista ten m\u00e1is noite e menos d\u00eda que ningunha. A pr\u00f3xima ter\u00e1 xa m\u00e1is tempo de luz, a seguinte a\u00ednda m\u00e1is, e as\u00ed sucesivamente ata xu\u00f1o.<\/p>\n<p>Neste curta semana,non obstante, van pasar cousas que decidir\u00e1n o futuro pr\u00f3ximo en boa medida. Ref\u00edrome, claro est\u00e1, \u00e1 loter\u00eda do Nadal, na quen m\u00e1is, quen menos, boa parte dos espa\u00f1ois te\u00f1en posto algunha ilusi\u00f3n. Pero tam\u00e9n, e tam\u00e9n claro est\u00e1, por este ano, ser\u00e1 a investidura do novo goberno encabezado Son os novos m\u00e9todos de gobernopor Rajoi\/Raxoi. Sei que non leva galeguizado o seu apelido, pero v\u00e1iseme a mente \u00f3 &#8216;seu&#8217; pazo, o Pazo de Raxoi, que si leva galeguizado o nome moito tempo (se algunha vez o tivo castelanizado). Trop\u00e9zome este ma\u00f1\u00e1 con que <a href=\"http:\/\/www.publico.es\/espana\/412871\/rajoy-tampoco-detallara-sus-reformas-en-el-debate-de-investidura\" target=\"_blank\" rel=\"noopener\">non detallar\u00e1 as reformas na investidura<\/a>, e preg\u00fantome se xa comezado a gobernar, dar\u00e1 as \u00f3rdenes segundo se lle ve\u00f1an \u00e1 cabeza, ou seguindo un plan que permanecer\u00e1 secreto, ou &#8230; porque parece que participaci\u00f3n cidad\u00e1 non vai haber moita ata as pr\u00f3ximas elecci\u00f3ns, e daquela xa pode ser tarde para moitas cousas. Vamos, un novo apretar non s\u00f3 en cousas que teme moita xente (e para as que din as enquisas que xa est\u00e1 &#8216;preparada mentalmente&#8217;, traballo feito que hai que asignar de Zapatero) sen\u00f3n noutras que \u00f3 fin son m\u00e1is fundamentais, como o goberno do pobo polo pobo.<\/p>\n<p>Por aqu\u00ed seguiremos con &#8216;peccata minuta&#8217;, mirando que <a href=\"http:\/\/www.ribadeo.org\/actualidade\/nova.php?id=886&amp;lg=gal\" target=\"_blank\" rel=\"noopener\">reciclamos peor que hai unha tempada<\/a> (boto en falta unha referencia \u00f3 noso medio na comunicaci\u00f3n do concello), que <a href=\"http:\/\/www.lavozdegalicia.es\/amarina\/2011\/12\/19\/0003_201112X19C19911.htm\" target=\"_blank\" rel=\"noopener\">se perden na comarca 70 empregos <\/a>se non se renovan eses postos de persoal de servizo p\u00fablico (si, ese tan denostado esta tempada) dos grumir, que <a href=\"http:\/\/www.ribadeo.org\/actualidade\/nova.php?id=889&amp;lg=gal\" target=\"_blank\" rel=\"noopener\">o concello se gastou uns cantos euros en recoller e manter uns cabalos<\/a> que non foron reclamados e logo se subastaron por s\u00f3 350 \u20ac (ou sexa, un cabalo, 50 \u20ac: agasalla un cavalo polo Nadal!), reco\u00f1ecendo unha perda superior \u00f3s 1 500 \u20ac &#8230;<\/p>\n<p>A crise d\u00e9benos ter feito algo peores, ata na reciclaxe, m\u00e1is mirados polas consecuencias que polos actos, \u00f3 tempo que fai que se noten un pouco m\u00e1is os desequilibrios no manexo dos cartos e os manexos opacos dos gobernantes, como no caso dos grumir, que a dez d\u00edas da fin do seu contrato, preg\u00fantanlle \u00e1 conseller\u00eda e non hai resposta. Quiz\u00e1is sexa un novo estilo de goberno que se est\u00e1 a impor: todo o do pobo, pero sen o pobo. A\u00ednda as\u00ed, haber\u00e1 quen siga a <a href=\"http:\/\/im-pulso.blogspot.com\/2011\/12\/las-personas-tienden-defender-el.html\" target=\"_blank\" rel=\"noopener\">xustificar o sistema, como est\u00e1 demostrado que pasa psicol\u00f3xicamente<\/a>.<\/p>\n<p>Por certo, engado a \u00faltima hora unha <a href=\"http:\/\/www.publico.es\/internacional\/412623\/manning-es-un-preso-politico-que-obro-por-un-mundo-mejor\" target=\"_blank\" rel=\"noopener\">cita que se atrib\u00fae a Eleanor Roosevelt<\/a> e que ven \u00f3 caso en relaci\u00f3n \u00f3 sistema e a actuaci\u00f3n da xente: &#8220;las mentes mediocres discuten sobre las personas, las mentes corrientes discuten sobre los eventos, pero las mentes brillantes discuten ideas&#8221;<\/p>\n","protected":false},"excerpt":{"rendered":"<p>Estamos na semana m\u00e1is curta do ano. Vale, t\u00f3dalas semanas te\u00f1en o mesmo tempo, pero ista ten m\u00e1is noite e menos d\u00eda que ningunha. A pr\u00f3xima ter\u00e1 xa m\u00e1is tempo de luz, a seguinte a\u00ednda m\u00e1is, e as\u00ed sucesivamente ata xu\u00f1o. Neste curta semana,non obstante, van pasar cousas que decidir\u00e1n o futuro pr\u00f3ximo en boa [&hellip;]<\/p>\n","protected":false},"author":3,"featured_media":0,"comment_status":"open","ping_status":"closed","sticky":false,"template":"","format":"standard","meta":{"activitypub_content_warning":"","activitypub_content_visibility":"","activitypub_max_image_attachments":3,"activitypub_interaction_policy_quote":"anyone","activitypub_status":"federate","footnotes":""},"categories":[1],"tags":[13],"class_list":["post-7715","post","type-post","status-publish","format-standard","hentry","category-sen-categoria","tag-politica"],"_links":{"self":[{"href":"https:\/\/blogs.amarinha.gal\/ribadeando\/wp-json\/wp\/v2\/posts\/7715","targetHints":{"allow":["GET"]}}],"collection":[{"href":"https:\/\/blogs.amarinha.gal\/ribadeando\/wp-json\/wp\/v2\/posts"}],"about":[{"href":"https:\/\/blogs.amarinha.gal\/ribadeando\/wp-json\/wp\/v2\/types\/post"}],"author":[{"embeddable":true,"href":"https:\/\/blogs.amarinha.gal\/ribadeando\/wp-json\/wp\/v2\/users\/3"}],"replies":[{"embeddable":true,"href":"https:\/\/blogs.amarinha.gal\/ribadeando\/wp-json\/wp\/v2\/comments?post=7715"}],"version-history":[{"count":0,"href":"https:\/\/blogs.amarinha.gal\/ribadeando\/wp-json\/wp\/v2\/posts\/7715\/revisions"}],"wp:attachment":[{"href":"https:\/\/blogs.amarinha.gal\/ribadeando\/wp-json\/wp\/v2\/media?parent=7715"}],"wp:term":[{"taxonomy":"category","embeddable":true,"href":"https:\/\/blogs.amarinha.gal\/ribadeando\/wp-json\/wp\/v2\/categories?post=7715"},{"taxonomy":"post_tag","embeddable":true,"href":"https:\/\/blogs.amarinha.gal\/ribadeando\/wp-json\/wp\/v2\/tags?post=7715"}],"curies":[{"name":"wp","href":"https:\/\/api.w.org\/{rel}","templated":true}]}}