{"id":7709,"date":"2011-12-26T09:44:00","date_gmt":"2011-12-26T08:44:00","guid":{"rendered":""},"modified":"2024-11-12T14:37:57","modified_gmt":"2024-11-12T13:37:57","slug":"bo-tempo-pero-frio","status":"publish","type":"post","link":"https:\/\/blogs.amarinha.gal\/ribadeando\/2011\/12\/26\/bo-tempo-pero-frio\/","title":{"rendered":"Bo tempo, pero fr\u00edo"},"content":{"rendered":"<p>D\u00edas soleados, pero m\u00e1is ben fr\u00edos. O tempo meteorol\u00f3xico, a temperie, \u00e1s veces \u00e9 como un alter ego para outro tipo de situaci\u00f3ns. Nestas datas de Nadal, con discursos varios, de real a local e volta \u00f3 comezo, saen as boas palabras a relocer como o Sol que nos ilumina e produce un benestar se se est\u00e1 exposto \u00f3s seus raios. Pero en canto pasa esa exposici\u00f3n, en canto as verbas se alonxan, volta o fr\u00edo inverno da crise. Chega facer algunha comprobaci\u00f3n como na <a href=\"http:\/\/imagenes.publico-estaticos.es\/resources\/archivos\/2011\/12\/24\/1324750147996Mensaje%20de%20Navidad.pdf\" target=\"_blank\" rel=\"noopener\">igualdade aseverada polo Rei<\/a> en canto \u00f3 trato da xustiza \u00f3s cidad\u00e1ns. Boas verbas, pero se contrad\u00edn a realidade diaria, de pouco servir\u00e1n. A parte de que xa est\u00e1 nos xornais que id\u00e9nticas palabras d\u00edxoas hai 15 anos, e o que levamos visto dende ent\u00f3n non corresponde exactamente a elas. A comprobaci\u00f3n nas <a href=\"http:\/\/www.ribadeo.org\/actualidade\/nova.php?id=894&amp;lg=gal\" target=\"_blank\" rel=\"noopener\">verbas do alcalde<\/a> \u00e9 m\u00e1is sinxela: a cita &#8216;nunca choveu que non escampara&#8217; confronta as verbas de \u00e1nimo para combater a &#8216;choiva&#8217; cunha realidade na que chove e haber\u00e1 que esperar a que escampe.<\/p>\n","protected":false},"excerpt":{"rendered":"<p>D\u00edas soleados, pero m\u00e1is ben fr\u00edos. O tempo meteorol\u00f3xico, a temperie, \u00e1s veces \u00e9 como un alter ego para outro tipo de situaci\u00f3ns. Nestas datas de Nadal, con discursos varios, de real a local e volta \u00f3 comezo, saen as boas palabras a relocer como o Sol que nos ilumina e produce un benestar se [&hellip;]<\/p>\n","protected":false},"author":3,"featured_media":0,"comment_status":"open","ping_status":"closed","sticky":false,"template":"","format":"standard","meta":{"activitypub_content_warning":"","activitypub_content_visibility":"","activitypub_max_image_attachments":3,"activitypub_interaction_policy_quote":"anyone","activitypub_status":"federated","footnotes":""},"categories":[1],"tags":[32,13],"class_list":["post-7709","post","type-post","status-publish","format-standard","hentry","category-sen-categoria","tag-filosofia","tag-politica"],"_links":{"self":[{"href":"https:\/\/blogs.amarinha.gal\/ribadeando\/wp-json\/wp\/v2\/posts\/7709","targetHints":{"allow":["GET"]}}],"collection":[{"href":"https:\/\/blogs.amarinha.gal\/ribadeando\/wp-json\/wp\/v2\/posts"}],"about":[{"href":"https:\/\/blogs.amarinha.gal\/ribadeando\/wp-json\/wp\/v2\/types\/post"}],"author":[{"embeddable":true,"href":"https:\/\/blogs.amarinha.gal\/ribadeando\/wp-json\/wp\/v2\/users\/3"}],"replies":[{"embeddable":true,"href":"https:\/\/blogs.amarinha.gal\/ribadeando\/wp-json\/wp\/v2\/comments?post=7709"}],"version-history":[{"count":0,"href":"https:\/\/blogs.amarinha.gal\/ribadeando\/wp-json\/wp\/v2\/posts\/7709\/revisions"}],"wp:attachment":[{"href":"https:\/\/blogs.amarinha.gal\/ribadeando\/wp-json\/wp\/v2\/media?parent=7709"}],"wp:term":[{"taxonomy":"category","embeddable":true,"href":"https:\/\/blogs.amarinha.gal\/ribadeando\/wp-json\/wp\/v2\/categories?post=7709"},{"taxonomy":"post_tag","embeddable":true,"href":"https:\/\/blogs.amarinha.gal\/ribadeando\/wp-json\/wp\/v2\/tags?post=7709"}],"curies":[{"name":"wp","href":"https:\/\/api.w.org\/{rel}","templated":true}]}}