{"id":7705,"date":"2011-12-30T10:36:00","date_gmt":"2011-12-30T09:36:00","guid":{"rendered":""},"modified":"2024-11-12T14:37:50","modified_gmt":"2024-11-12T13:37:50","slug":"cando-non-se-quere-non-se-quere","status":"publish","type":"post","link":"https:\/\/blogs.amarinha.gal\/ribadeando\/2011\/12\/30\/cando-non-se-quere-non-se-quere\/","title":{"rendered":"Cando non se quere, non se quere"},"content":{"rendered":"<p>Vaites! Horas despois de que haxa un pleno municipal, a cidadan\u00eda ent\u00e9rase por alg\u00fan medio que o houbo. Pero, e antes? Antes, non existe, excepto para os citados. A non ser que lle conve\u00f1a por algunha raz\u00f3n a algu\u00e9n e ent\u00f3n, sexa difundido. A\u00ednda esta ma\u00f1\u00e1 non sei se o pleno foi de ma\u00f1\u00e1 ou de tarde. Certo que chegar\u00edame cunha chamada para sabelo, pero despois de que pase, sen poder ir&nbsp; e ver como se desenrolou, non s\u00f3 o &#8216;produto&#8217; final, a cuesti\u00f3n de hora non ten moita importancia. Est\u00e1 visto que \u00e9 un mal de moda, este de non dicir palabra do que se vai acordar antes de facelo, para as\u00ed non levantar animosidade e estar m\u00e1is tranquilo, a\u00ednda que sexa sen a participaci\u00f3n do pobo. E \u00e9 que diso se trata, da participaci\u00f3n do pobo, algo que se est\u00e1 a incentivar negativamente dende hai tempo, polo que non \u00e9 de estra\u00f1ar que os plenos, salvo excepci\u00f3ns interesadas, est\u00e9n case (ou sen case) desertos. Vamos, co lema aquel de &#8216;<a href=\"http:\/\/gl.wikipedia.org\/wiki\/Despotismo_Ilustrado\" target=\"_blank\" rel=\"noopener\">todo para o pobo pero sen o pobo<\/a>&#8216; que foi dar directamente na revoluci\u00f3n francesa (a lembrar, como fai o correspondente artigo da <a href=\"http:\/\/gl.wikipedia.org\/\" target=\"_blank\" rel=\"noopener\">Galipedia<\/a>, que se tratar\u00eda da procura do ben do pobo no sentido do que os gobernantes entenden por ese &#8216;ben&#8217;).<\/p>\n<p>Dos temas, pouco trascendeu polo momento. Nas edici\u00f3ns dixitais a estas horas non atopo nada m\u00e1is que en <a href=\"http:\/\/www.cronica3.com\/2011\/12\/o-concello-de-ribadeo-ampliara-en-media-hora-o-horario-de-peche-das-terrazas\/\" target=\"_blank\" rel=\"noopener\">Cronica3<\/a>, que reproduce a <a href=\"http:\/\/www.ribadeo.org\/actualidade\/nova.php?id=899&amp;lg=gal\" target=\"_blank\" rel=\"noopener\">nota do concello<\/a>, mistur\u00e1ndoa con outra tam\u00e9n do concello, <a href=\"http:\/\/www.ribadeo.org\/actualidade\/nova.php?id=899&amp;lg=gal\" target=\"_blank\" rel=\"noopener\">sobre seguridade<\/a> (despois da pol\u00e9mica na prensa por parte da oposici\u00f3n) e outra terceira <a href=\"http:\/\/www.ribadeo.org\/actualidade\/nova.php?id=899&amp;lg=gal\" target=\"_blank\" rel=\"noopener\">sobre a (des)iluminaci\u00f3n da ponte dos Santos<\/a> (na que se repite o xa dito sobre que \u00e9 Fomento quen ten que pagar).<\/p>\n<p>Por esa mesma nota, parece que houbo dous temas (s\u00f3) en dito pleno, sendo con diferencia o m\u00e1is tratado o regulamento das terrazas. Regulamento que era de supo\u00f1er que sa\u00edra adiante m\u00e1is cedo que tarde, e que se entremistura con outro par de temas que estes d\u00edas est\u00e1nse a tratar na r\u00faa. Un deles, a coordinaci\u00f3n e actuaci\u00f3ns necesarias para a seguridade ou mesmo o mantemento do concello. As\u00ed, hai xente que comenta que agora os axentes da Polic\u00eda Local est\u00e1n m\u00e1is pola zona do mercado pola necesidade de recadar m\u00e1is, pero non hai servizo nouturno. Nin vixiancia en xeral, o que fai pensar no cumprimento das novas normativas que vaian sa\u00edndo.<\/p>\n<table align=\"center\" cellpadding=\"0\" cellspacing=\"0\" class=\"tr-caption-container\" style=\"margin-left: auto; margin-right: auto; text-align: center;\">\n<tbody>\n<tr>\n<td style=\"text-align: center;\"><a href=\"https:\/\/blogger.googleusercontent.com\/img\/b\/R29vZ2xl\/AVvXsEgfpgAZXQuzGsVuG0SOUixYt3-6HZIPx84bRqtfp4gnFvwdSkPZgiJF5erWI8uXTin71QRt8iNLMuhDRipizYoCbWgyQHepb18xdUpVkK9R7yUJkXFTiMuo3XELtT9e9WHOcjIdWw\/s2048\/denuncia+galos.jpg\" imageanchor=\"1\" style=\"margin-left: auto; margin-right: auto;\"><img loading=\"lazy\" decoding=\"async\" height=\"640\" src=\"https:\/\/blogger.googleusercontent.com\/img\/b\/R29vZ2xl\/AVvXsEgfpgAZXQuzGsVuG0SOUixYt3-6HZIPx84bRqtfp4gnFvwdSkPZgiJF5erWI8uXTin71QRt8iNLMuhDRipizYoCbWgyQHepb18xdUpVkK9R7yUJkXFTiMuo3XELtT9e9WHOcjIdWw\/s2048\/denuncia+galos.jpg\" width=\"531\" \/><\/a><\/td>\n<\/tr>\n<tr>\n<td class=\"tr-caption\" style=\"text-align: center;\">Os galos levan dende antes do ver\u00e1n, e as queixas tam\u00e9n.<\/td>\n<\/tr>\n<\/tbody>\n<\/table>\n<p>O outro tema relacionado \u00e9 o do ru\u00eddo. \u00d3 comentario recollido \u00f3 paso onte mesmo entre d\u00faas persoas que se estaban do ru\u00eddo na zona da igrexa (\u00f3 que segundo parece, se sumaba estes d\u00edas o das panxoli\u00f1as electr\u00f3nicas), haber\u00eda que sumarlle outras escoitadas sobre que o ru\u00eddo dista moito de estar controlado noutras zonas, ou a m\u00e1is curiosa denuncia sobre o canto do galo que est\u00e1 a fastidiar a unha zona c\u00e9ntrica de Ribadeo.<\/p>\n","protected":false},"excerpt":{"rendered":"<p>Vaites! Horas despois de que haxa un pleno municipal, a cidadan\u00eda ent\u00e9rase por alg\u00fan medio que o houbo. Pero, e antes? Antes, non existe, excepto para os citados. A non ser que lle conve\u00f1a por algunha raz\u00f3n a algu\u00e9n e ent\u00f3n, sexa difundido. A\u00ednda esta ma\u00f1\u00e1 non sei se o pleno foi de ma\u00f1\u00e1 ou [&hellip;]<\/p>\n","protected":false},"author":3,"featured_media":0,"comment_status":"open","ping_status":"closed","sticky":false,"template":"","format":"standard","meta":{"activitypub_content_warning":"","activitypub_content_visibility":"","activitypub_max_image_attachments":3,"activitypub_interaction_policy_quote":"anyone","activitypub_status":"federated","footnotes":""},"categories":[1],"tags":[13],"class_list":["post-7705","post","type-post","status-publish","format-standard","hentry","category-sen-categoria","tag-politica"],"_links":{"self":[{"href":"https:\/\/blogs.amarinha.gal\/ribadeando\/wp-json\/wp\/v2\/posts\/7705","targetHints":{"allow":["GET"]}}],"collection":[{"href":"https:\/\/blogs.amarinha.gal\/ribadeando\/wp-json\/wp\/v2\/posts"}],"about":[{"href":"https:\/\/blogs.amarinha.gal\/ribadeando\/wp-json\/wp\/v2\/types\/post"}],"author":[{"embeddable":true,"href":"https:\/\/blogs.amarinha.gal\/ribadeando\/wp-json\/wp\/v2\/users\/3"}],"replies":[{"embeddable":true,"href":"https:\/\/blogs.amarinha.gal\/ribadeando\/wp-json\/wp\/v2\/comments?post=7705"}],"version-history":[{"count":0,"href":"https:\/\/blogs.amarinha.gal\/ribadeando\/wp-json\/wp\/v2\/posts\/7705\/revisions"}],"wp:attachment":[{"href":"https:\/\/blogs.amarinha.gal\/ribadeando\/wp-json\/wp\/v2\/media?parent=7705"}],"wp:term":[{"taxonomy":"category","embeddable":true,"href":"https:\/\/blogs.amarinha.gal\/ribadeando\/wp-json\/wp\/v2\/categories?post=7705"},{"taxonomy":"post_tag","embeddable":true,"href":"https:\/\/blogs.amarinha.gal\/ribadeando\/wp-json\/wp\/v2\/tags?post=7705"}],"curies":[{"name":"wp","href":"https:\/\/api.w.org\/{rel}","templated":true}]}}