{"id":7680,"date":"2012-01-16T08:10:00","date_gmt":"2012-01-16T07:10:00","guid":{"rendered":""},"modified":"2024-11-12T14:36:31","modified_gmt":"2024-11-12T13:36:31","slug":"convertindonos-en-non-xente","status":"publish","type":"post","link":"https:\/\/blogs.amarinha.gal\/ribadeando\/2012\/01\/16\/convertindonos-en-non-xente\/","title":{"rendered":"Convert\u00edndonos en non-xente"},"content":{"rendered":"<p>Non, non se trata da morte, que hoxe e sempre est\u00e1 no candeleiro coa morte dalg\u00fan famoso m\u00e1is que coa do 99% dos mortais. Tr\u00e1tase de <a href=\"http:\/\/blogs.publico.es\/noam-chomsky\/92\/como-reconocer-a-la-%E2%80%98no-gente%E2%80%99\/\">como pasamos a ser irrelevantes, de como os africanos en xeral xa son irrelevantes<\/a>, -non xente- dende hai tempo, e de como sentimos que a relevancia dun espa\u00f1ol respecto a cousas como o tratamento diante dun secuestro no extranxeiro ou \u00f3s seus dereitos noutro pa\u00eds respecto \u00f3s dos cidad\u00e1ns dese pa\u00eds en Espa\u00f1a, por exemplo. Xa o vimos entindo hai moito, que hai &#8216;a xente do imperio&#8217; no alto dun escalaf\u00f3n a nivel mundial, no que se vai descendendo o sa\u00edr desa centralidade. Escalaf\u00f3n que se confunde con outro de poder, cartos e interese compartido co poder central, que var\u00eda e grad\u00faa o anterior para cada caso particular. E a maior\u00eda dos com\u00fans por estas terras, imos baixando (m\u00e1is ben v\u00e9\u00f1ennos baixando, como fan as &#8216;axencias de rating&#8217;) escal\u00f3ns nese escalaf\u00f3n hai tempo.<\/p>\n<p>De novo \u00e9 a reacci\u00f3n, o pelexar polos nosos dereitos, o tomar consciencia de que somos unha grande maior\u00eda, o que pode facer que ese escalaf\u00f3n sexa menos inclinado. E non deixa de ser unha esperanza, unha sinal de que os temps se moven cara a unha maior participaci\u00f3n, unha iniciativa da Casa Branca para os seus &#8216;s\u00fabditos\/cidad\u00e1ns&#8217; norteamericanos, &#8216;<a href=\"http:\/\/feedproxy.google.com\/%7Er\/ElBlogDeEnriqueDans\/%7E3\/ERQZnnvY6JE\/administraciones-que-responden-we-the-people.html\" target=\"_blank\" rel=\"noopener\">We, the people<\/a>&#8216;, que permite unha especie de demanda en tempo real que non \u00e9 ningunha panacea, pero que contrasta, por exemplo, co m\u00e1ximo logro de participaci\u00f3n obtido en Ribadeo (no 2004), para as asociaci\u00f3ns, que non para cidad\u00e1ns sen organizaci\u00f3n previa, de preguntas ao pleno, respondibles despois de finalizado os plenos, e con xeitos que te\u00f1en manifestado en feitos puntuais unha absoluta falta de respeto polo procedemento, usado con abonda asiduidade pola AVV O Tes\u00f3n.<\/p>\n<p>Hoxe hai pleno &#8230; e preguntas.<\/p>\n","protected":false},"excerpt":{"rendered":"<p>Non, non se trata da morte, que hoxe e sempre est\u00e1 no candeleiro coa morte dalg\u00fan famoso m\u00e1is que coa do 99% dos mortais. Tr\u00e1tase de como pasamos a ser irrelevantes, de como os africanos en xeral xa son irrelevantes, -non xente- dende hai tempo, e de como sentimos que a relevancia dun espa\u00f1ol respecto [&hellip;]<\/p>\n","protected":false},"author":3,"featured_media":0,"comment_status":"open","ping_status":"closed","sticky":false,"template":"","format":"standard","meta":{"activitypub_content_warning":"","activitypub_content_visibility":"","activitypub_max_image_attachments":3,"activitypub_interaction_policy_quote":"anyone","activitypub_status":"federate","footnotes":""},"categories":[1],"tags":[13],"class_list":["post-7680","post","type-post","status-publish","format-standard","hentry","category-sen-categoria","tag-politica"],"_links":{"self":[{"href":"https:\/\/blogs.amarinha.gal\/ribadeando\/wp-json\/wp\/v2\/posts\/7680","targetHints":{"allow":["GET"]}}],"collection":[{"href":"https:\/\/blogs.amarinha.gal\/ribadeando\/wp-json\/wp\/v2\/posts"}],"about":[{"href":"https:\/\/blogs.amarinha.gal\/ribadeando\/wp-json\/wp\/v2\/types\/post"}],"author":[{"embeddable":true,"href":"https:\/\/blogs.amarinha.gal\/ribadeando\/wp-json\/wp\/v2\/users\/3"}],"replies":[{"embeddable":true,"href":"https:\/\/blogs.amarinha.gal\/ribadeando\/wp-json\/wp\/v2\/comments?post=7680"}],"version-history":[{"count":0,"href":"https:\/\/blogs.amarinha.gal\/ribadeando\/wp-json\/wp\/v2\/posts\/7680\/revisions"}],"wp:attachment":[{"href":"https:\/\/blogs.amarinha.gal\/ribadeando\/wp-json\/wp\/v2\/media?parent=7680"}],"wp:term":[{"taxonomy":"category","embeddable":true,"href":"https:\/\/blogs.amarinha.gal\/ribadeando\/wp-json\/wp\/v2\/categories?post=7680"},{"taxonomy":"post_tag","embeddable":true,"href":"https:\/\/blogs.amarinha.gal\/ribadeando\/wp-json\/wp\/v2\/tags?post=7680"}],"curies":[{"name":"wp","href":"https:\/\/api.w.org\/{rel}","templated":true}]}}