{"id":7667,"date":"2012-01-24T08:13:00","date_gmt":"2012-01-24T07:13:00","guid":{"rendered":""},"modified":"2024-11-12T14:36:11","modified_gmt":"2024-11-12T13:36:11","slug":"teatro-do-absurdo","status":"publish","type":"post","link":"https:\/\/blogs.amarinha.gal\/ribadeando\/2012\/01\/24\/teatro-do-absurdo\/","title":{"rendered":"Teatro do absurdo"},"content":{"rendered":"<p>O teatro do absurdo foi &#8230; bo, mellor, <a href=\"http:\/\/gl.wikipedia.org\/wiki\/Teatro_do_absurdo\">na Galipedia<\/a>. \u00d3 fin, non deixa de ser teatro, e polo tanto, interpretable.<\/p>\n<p>Paso t\u00f3dalas semanas unhas cantas veces por diante dos edificios que fotograf\u00edo abaixo. Os dous son p\u00fablicos, a\u00ednda que correspondentes a diferentes administraci\u00f3ns. O primeiro ofrece un paso m\u00e1is nunha seire de atrancos decisi\u00f3ns e tonter\u00edas que tentarei resumir:<\/p>\n<p>No 1995, o actual Porta da Auga pediu unirse \u00f3 actual Gamallo por falta de espazo. A Delegaci\u00f3n provincial sacouse o problema de enrriba cunha votaci\u00f3n dos claustros. Non me lembro do n\u00famero total de votos en cada caso pero si das circunstancias. No actual Porta da Auga, todo o claustro votou a favor menos d\u00faas persoas. Xusto o contrario que no actual Gamallo.<\/p>\n<p>Co s\u00e9culo, o Porta da Auga adquiriu a condici\u00f3n de Centro Integrado de Formaci\u00f3n Profesional. Daquela significaba ser un referente educativo, que entre outras cousas pod\u00eda facer contrataci\u00f3ns externas, coa obriga de ter formaci\u00f3n profesional e xeral (ESO e Bac). Xusto o primeiro curso con esa denominaci\u00f3n, cambia a normativa e os CIFP foron obrigados a ter s\u00f3 FP. Como resultado, e para non perder a posibilidade que ofrec\u00eda o ser CI, o centro dividiuse en IES (para a ESO e Bac) e CI (para FP). Ben, na realidade unha rama de FP quedou no IES porque o considerou as\u00ed. Para facer a divisi\u00f3n, institu\u00edronse dous claustros, d\u00faas directivas &#8230; quedando de xeito provisional no mesmo edificio, despois de ver a imposibilidade de facer unha divisi\u00f3n &#8216;harm\u00f3nica&#8217;. Pero comezou a constru\u00edrse un edificio de servicios xerais para a emigraci\u00f3n das oficinas do CIFP. Quebra a empresa construtora e p\u00e1rase a construcci\u00f3n do novo edificio por anos. A situaci\u00f3n, compartindo instalaci\u00f3ns, se non insostible, si alomenos non aconsellable. Soluci\u00f3n da Delegaci\u00f3n? Unir os dous IES de Ribadeo, e facer migrar cara \u00f3 edificio do Gamallo persoal e aparataxe do Porta da Auga. Para iso, e dada a vetustez do Gamallo e a necesidade de espazos divididos, obra no edificio do Gamallo coa construcci\u00f3n dunha ala enteira nova sobre os vellos talleres de cando era instituto t\u00e9cnico <a href=\"http:\/\/es.wikipedia.org\/wiki\/Carlos_Mar%C3%ADa_Rodr%C3%ADguez_de_Valc%C3%A1rcel_y_Nebreda\" target=\"_blank\" rel=\"noopener\">Rodr\u00edguez de Valc\u00e1rcel<\/a>. A obra primeiro leva retraso por cuesti\u00f3ns burocr\u00e1ticas, logo por tema de cartos e por \u00faltimo, este mesmo curso, no que xa ter\u00eda que estar funcionando o novo centro resultado da desintegraci\u00f3n de Gamallo e Porta da Auga, a empresa construtora quebra. Dende antes de quebrar, o material do antigo laboratorio, mesas robustas, pode verse ocupando unha parte do patio e restando espazo de desfrute \u00f3s alumnos do Gamallo&#8230; Na foto tam\u00e9n pode verse un campo de baloncesto inutilizado, \u00e1 beira esquerda. E un pouco m\u00e1is \u00e1 esquerda, non visibles na fotos, os antigos edificios destinados a profesores, agora totalmente abandoados. Por certo, o edificio novo do Porta da Auga est\u00e1 xa case rematado, despois de rebaix\u00e1rselle alturas (non ti\u00f1a sentido ning\u00fan quedando o CIFP con todas as instalaci\u00f3ns dos dous Porta da Auga, dos actuais CIFP e IES). \u00c9 de supo\u00f1er que o pr\u00f3ximo curso entre en funcionamento. Continuar\u00e1.<\/p>\n<table align=\"center\" cellpadding=\"0\" cellspacing=\"0\" class=\"tr-caption-container\" style=\"margin-left: auto; margin-right: auto; text-align: center;\">\n<tbody>\n<tr>\n<td style=\"text-align: center;\"><a href=\"https:\/\/blogger.googleusercontent.com\/img\/b\/R29vZ2xl\/AVvXsEg449LF-gzOZHwsEKopQUNqq7LMI_TCH3VDWY2VfHhUma6HBlGSTIc0eRE0JWNO5p-L8FqpQwCn0bMN9yQIvyi95Rjg7nr0OBHj7K_3sc-inidaRRFm5RUhRRo_HXOC2ThaHEarIw\/s2048\/abandono+no+Gamallo.jpg\" imageanchor=\"1\" style=\"margin-left: auto; margin-right: auto;\"><img loading=\"lazy\" decoding=\"async\" height=\"214\" src=\"https:\/\/blogger.googleusercontent.com\/img\/b\/R29vZ2xl\/AVvXsEg449LF-gzOZHwsEKopQUNqq7LMI_TCH3VDWY2VfHhUma6HBlGSTIc0eRE0JWNO5p-L8FqpQwCn0bMN9yQIvyi95Rjg7nr0OBHj7K_3sc-inidaRRFm5RUhRRo_HXOC2ThaHEarIw\/s2048\/abandono+no+Gamallo.jpg\" width=\"640\" \/><\/a><\/td>\n<\/tr>\n<tr>\n<td class=\"tr-caption\" style=\"text-align: center;\">Novo edificio no IES e material abandoado.<\/td>\n<\/tr>\n<\/tbody>\n<\/table>\n<p>&nbsp;Falta de tempo &#8230; esta obra \u00e1lzase cara \u00f3 ceo e foi louvada hai pouco polo alcalde en facebook. Aqu\u00ed habia un pavill\u00f3n que funcionaba, a\u00ednda que se quedara pequeno. Tam\u00e9n unha beirar\u00faa que levaba constru\u00edda menos de seis meses e que desapareceu oa obra.<\/p>\n<table align=\"center\" cellpadding=\"0\" cellspacing=\"0\" class=\"tr-caption-container\" style=\"margin-left: auto; margin-right: auto; text-align: center;\">\n<tbody>\n<tr>\n<td style=\"text-align: center;\"><a href=\"https:\/\/blogger.googleusercontent.com\/img\/b\/R29vZ2xl\/AVvXsEiKvMoGsVT81lbN-vLNI-p88Qcc2ybiGic34KsM7YqWs0RZbB3_aYwtrRS6ubFTlMOzZqjiKWfW7JNflAKN9aW8lJELj1tcaRIU7C5kriRjNk73r2u57EVICdf6l7_7A64zJi1DEg\/s2048\/picos+cara+o+ceo.jpg\" imageanchor=\"1\" style=\"margin-left: auto; margin-right: auto;\"><img loading=\"lazy\" decoding=\"async\" height=\"480\" src=\"https:\/\/blogger.googleusercontent.com\/img\/b\/R29vZ2xl\/AVvXsEiKvMoGsVT81lbN-vLNI-p88Qcc2ybiGic34KsM7YqWs0RZbB3_aYwtrRS6ubFTlMOzZqjiKWfW7JNflAKN9aW8lJELj1tcaRIU7C5kriRjNk73r2u57EVICdf6l7_7A64zJi1DEg\/s2048\/picos+cara+o+ceo.jpg\" width=\"640\" \/><\/a><\/td>\n<\/tr>\n<tr>\n<td class=\"tr-caption\" style=\"text-align: center;\">Como nas catedrais, as agullas \u00f3 ceo.<\/td>\n<\/tr>\n<\/tbody>\n<\/table>\n<p>&nbsp;Sempre interpretei mal o teatro do absurdo&#8230;<\/p>\n","protected":false},"excerpt":{"rendered":"<p>O teatro do absurdo foi &#8230; bo, mellor, na Galipedia. \u00d3 fin, non deixa de ser teatro, e polo tanto, interpretable. Paso t\u00f3dalas semanas unhas cantas veces por diante dos edificios que fotograf\u00edo abaixo. Os dous son p\u00fablicos, a\u00ednda que correspondentes a diferentes administraci\u00f3ns. O primeiro ofrece un paso m\u00e1is nunha seire de atrancos decisi\u00f3ns [&hellip;]<\/p>\n","protected":false},"author":3,"featured_media":0,"comment_status":"open","ping_status":"closed","sticky":false,"template":"","format":"standard","meta":{"activitypub_content_warning":"","activitypub_content_visibility":"","activitypub_max_image_attachments":3,"activitypub_interaction_policy_quote":"anyone","activitypub_status":"federated","footnotes":""},"categories":[1],"tags":[65,21,63,13],"class_list":["post-7667","post","type-post","status-publish","format-standard","hentry","category-sen-categoria","tag-arquitectura","tag-economia","tag-galipedia","tag-politica"],"_links":{"self":[{"href":"https:\/\/blogs.amarinha.gal\/ribadeando\/wp-json\/wp\/v2\/posts\/7667","targetHints":{"allow":["GET"]}}],"collection":[{"href":"https:\/\/blogs.amarinha.gal\/ribadeando\/wp-json\/wp\/v2\/posts"}],"about":[{"href":"https:\/\/blogs.amarinha.gal\/ribadeando\/wp-json\/wp\/v2\/types\/post"}],"author":[{"embeddable":true,"href":"https:\/\/blogs.amarinha.gal\/ribadeando\/wp-json\/wp\/v2\/users\/3"}],"replies":[{"embeddable":true,"href":"https:\/\/blogs.amarinha.gal\/ribadeando\/wp-json\/wp\/v2\/comments?post=7667"}],"version-history":[{"count":0,"href":"https:\/\/blogs.amarinha.gal\/ribadeando\/wp-json\/wp\/v2\/posts\/7667\/revisions"}],"wp:attachment":[{"href":"https:\/\/blogs.amarinha.gal\/ribadeando\/wp-json\/wp\/v2\/media?parent=7667"}],"wp:term":[{"taxonomy":"category","embeddable":true,"href":"https:\/\/blogs.amarinha.gal\/ribadeando\/wp-json\/wp\/v2\/categories?post=7667"},{"taxonomy":"post_tag","embeddable":true,"href":"https:\/\/blogs.amarinha.gal\/ribadeando\/wp-json\/wp\/v2\/tags?post=7667"}],"curies":[{"name":"wp","href":"https:\/\/api.w.org\/{rel}","templated":true}]}}