{"id":7651,"date":"2012-02-07T08:09:00","date_gmt":"2012-02-07T07:09:00","guid":{"rendered":""},"modified":"2024-11-12T14:35:39","modified_gmt":"2024-11-12T13:35:39","slug":"vai-sen-fotos-pero-quero-constatar-que","status":"publish","type":"post","link":"https:\/\/blogs.amarinha.gal\/ribadeando\/2012\/02\/07\/vai-sen-fotos-pero-quero-constatar-que\/","title":{"rendered":"Vai sen fotos, pero quero constatar que algo se moveu"},"content":{"rendered":"<p>O domingo participei na \u00faltima acci\u00f3n do grupo da Mari\u00f1a e Occidente do 15M. Esquec\u00edn levar con que tomar algunha foto, e as prometidas a\u00ednda non me chegaron, polo que esta entrada vai sen fotos.<\/p>\n<p>Se algu\u00e9n quere ver algunha, pode referirse \u00f3s xornais, por exemplo, <a href=\"http:\/\/www.lavozdegalicia.es\/noticia\/amarina\/2012\/02\/06\/concurrida-manifestacion-lourenza-contra-ere\/0003_201202X6C1992.htm\" target=\"_blank\" rel=\"noopener\">aqu\u00ed<\/a>, ou <a href=\"http:\/\/www.facebook.com\/groups\/219369208082294\/?notif_t=group_activity\" target=\"_blank\" rel=\"noopener\">\u00f3 grupo en facebook<\/a>.<\/p>\n<p>O caso \u00e9 que no percorrido realizado \u00e9ramos perto de 300 persoas, o que para unha asamblea na zona marcaba un pico. Pero non era unha asamblea. Era unha concentraci\u00f3n e manifestaci\u00f3n na que o 15M impulsaba unha queixa polos despidos recentes de Hermida e de toda a Mari\u00f1a. \u00c9 dicir, hab\u00eda unha diluci\u00f3n de intereses que se manifestou claramente en varios puntos. Un, o primeiro no tempo, nas propias pancartas e a percepci\u00f3n da s\u00faa orientaci\u00f3n e explicaci\u00f3n do problema. Outro, na &#8216;textura&#8217; da manifestaci\u00f3n. E tam\u00e9n na finalizaci\u00f3n, na que o himno galego, que considero ser\u00eda algo normal (a pesar da presenza significativa de xente de Asturias), tivo un aquel de bloque que foi respondido con alg\u00fan abandono e coreado sen moito entusiasmo. Quiz\u00e1is, dado o car\u00e1cter, tivera mellor aceptaci\u00f3n&nbsp; a internacional.<\/p>\n<p>\u00c1 ida, xuntanza na estaci\u00f3n de autobuses de Ribadeo para facer a viaxe agrupados\/acompa\u00f1ados, que no meu caso resultou falando sobre educaci\u00f3n e sa\u00fade. \u00c1 volta, sobre vida e destino do 15M. No medio, un apoio que debeu resultar vistoso para quenes observaban protexidos polas contras das vent\u00e1s, protestando algo menos de 300 persoas polos 300 despidos desta tempada na zona. Non saen as contas, nin sae o medo a relocer, que se queda na casa. Non debemos de extra\u00f1arnos: tampouco saen as contas das axudas.<\/p>\n<p>Como colof\u00f3n da manifestaci\u00f3n, tomar algo xunto con abondos amigos, alg\u00fans desco\u00f1ecidos ata daquela. Quiz\u00e1is sen ning\u00fan impacto medi\u00e1tico, pero enriquecedor.<\/p>\n<p>E algunha an\u00e9cdota, como cando algu\u00e9n na procura da noticia preguntou aquelo de &#8216;quen \u00e9 o organizador&#8217;?<\/p>\n<p>Por certo, chov\u00eda, a\u00ednda que iso non deba explicar que algunha xente non se manifestara.<\/p>\n","protected":false},"excerpt":{"rendered":"<p>O domingo participei na \u00faltima acci\u00f3n do grupo da Mari\u00f1a e Occidente do 15M. Esquec\u00edn levar con que tomar algunha foto, e as prometidas a\u00ednda non me chegaron, polo que esta entrada vai sen fotos. Se algu\u00e9n quere ver algunha, pode referirse \u00f3s xornais, por exemplo, aqu\u00ed, ou \u00f3 grupo en facebook. O caso \u00e9 [&hellip;]<\/p>\n","protected":false},"author":3,"featured_media":0,"comment_status":"open","ping_status":"closed","sticky":false,"template":"","format":"standard","meta":{"activitypub_content_warning":"","activitypub_content_visibility":"","activitypub_max_image_attachments":3,"activitypub_interaction_policy_quote":"anyone","activitypub_status":"federated","footnotes":""},"categories":[1],"tags":[102,21],"class_list":["post-7651","post","type-post","status-publish","format-standard","hentry","category-sen-categoria","tag-15m","tag-economia"],"_links":{"self":[{"href":"https:\/\/blogs.amarinha.gal\/ribadeando\/wp-json\/wp\/v2\/posts\/7651","targetHints":{"allow":["GET"]}}],"collection":[{"href":"https:\/\/blogs.amarinha.gal\/ribadeando\/wp-json\/wp\/v2\/posts"}],"about":[{"href":"https:\/\/blogs.amarinha.gal\/ribadeando\/wp-json\/wp\/v2\/types\/post"}],"author":[{"embeddable":true,"href":"https:\/\/blogs.amarinha.gal\/ribadeando\/wp-json\/wp\/v2\/users\/3"}],"replies":[{"embeddable":true,"href":"https:\/\/blogs.amarinha.gal\/ribadeando\/wp-json\/wp\/v2\/comments?post=7651"}],"version-history":[{"count":0,"href":"https:\/\/blogs.amarinha.gal\/ribadeando\/wp-json\/wp\/v2\/posts\/7651\/revisions"}],"wp:attachment":[{"href":"https:\/\/blogs.amarinha.gal\/ribadeando\/wp-json\/wp\/v2\/media?parent=7651"}],"wp:term":[{"taxonomy":"category","embeddable":true,"href":"https:\/\/blogs.amarinha.gal\/ribadeando\/wp-json\/wp\/v2\/categories?post=7651"},{"taxonomy":"post_tag","embeddable":true,"href":"https:\/\/blogs.amarinha.gal\/ribadeando\/wp-json\/wp\/v2\/tags?post=7651"}],"curies":[{"name":"wp","href":"https:\/\/api.w.org\/{rel}","templated":true}]}}