{"id":7649,"date":"2012-02-09T08:18:00","date_gmt":"2012-02-09T07:18:00","guid":{"rendered":""},"modified":"2024-11-12T14:35:35","modified_gmt":"2024-11-12T13:35:35","slug":"trouxeron-estos-lodos","status":"publish","type":"post","link":"https:\/\/blogs.amarinha.gal\/ribadeando\/2012\/02\/09\/trouxeron-estos-lodos\/","title":{"rendered":"&#8230; trouxeron estos lodos"},"content":{"rendered":"<p>Leo que vai a haber revisi\u00f3n de horarios dos traballadores do concello &#8230; <a href=\"http:\/\/elprogreso.galiciae.com\/nova\/149374.html\" target=\"_blank\" rel=\"noopener\">polos mesmos traballadores<\/a>. En agosto do ano pasado (e <a href=\"http:\/\/ribadeando.blogspot.com\/2009\/12\/amar-en-tempos-revoltos.html\" target=\"_blank\" rel=\"noopener\">antes<\/a>) xurdira unha pol\u00e9mica pola esixencia de cumprimento de horario feita p\u00fablicamente por parte do alcalde (<a href=\"http:\/\/ribadeando.blogspot.com\/2011\/08\/golpe-na-mesa.html\" target=\"_blank\" rel=\"noopener\">golpe na mesa<\/a> e <a href=\"http:\/\/ribadeando.blogspot.com\/2011\/08\/golpe-na-mesa-2-parte.html\" target=\"_blank\" rel=\"noopener\">2<\/a>). Parece ser que lles dera varios toques de atenci\u00f3n, e logo pasou \u00e1 opini\u00f3n \u1e55\u00fablica. A continuaci\u00f3n, \u00f3s poucos d\u00edas, veu dicir que estaba todo ama\u00f1ado. Comentara eu daquela que pod\u00eda &#8216;desama\u00f1arse&#8217; r\u00e1pido, e que o xeito de facelo \u00eda impedir unha resposta doada. Pois agora enter\u00e1monos polos xornais dunha xuntanza dos propios afectados e de que o alcalde di que est\u00e1 en conversas con eles, \u00e1s que te\u00f1en que respostar. \u00c9 dicir, parece que agora cambi\u00e1ronse as tornas e son os propios traballadores a quenes non lles importa a difusi\u00f3n p\u00fablica, mentras o alcalde ten m\u00e1is claro que ten qe actuar de xeito diferente da vez pasada. E, de fondo, tam\u00e9n queda claro que o problema de horarios contin\u00faa.[<span style=\"color: #666666;\">Nota posterior: despois de falar con alg\u00fan empregado do concello, cabe aclarar que, problemas sobre cumprimento aparte, a xuntanza ven xerada pola aplicaci\u00f3n das 37,5 horas por orde gubernativa<\/span>]<\/p>\n<p>Mentras, parece que o encher de informaci\u00f3n \/ contrainformaci\u00f3n est\u00e1 de moda en Ribadeo. Non s\u00f3 o PSOE se apunta \u00f3 carro coa s\u00faa <a href=\"http:\/\/agrupacionpsoeribadeo.es\/\" target=\"_blank\" rel=\"noopener\">nova p\u00e1xina web<\/a>, quiz\u00e1is tentando contrarestar que a presenza medi\u00e1tica do PP \u00e9 abondo superior (estoume referindo sempre a Ribadeo), sen\u00f3n que parece que as notas do concello se activan cando pode haber unha nova que leve \u00e1 xente por outra banda, como hoxe, sacando neste caso a nova de que <a href=\"http:\/\/www.ribadeo.org\/actualidade\/nova.php?id=923&amp;lg=gal\" target=\"_blank\" rel=\"noopener\">a comisi\u00f3n de urbanismo segue a existir, funcionar e adem\u00e1is, se ver\u00e1n pr\u00f3ximamente os resultados<\/a>. Afondando no tema das notas de prensa do concello, unha pequena ollada \u00e1 web manifesta \u00e1s clara que o ritmo de publicaci\u00f3n \u00e9 dunhas 70 notas cada 100 d\u00edas. Est\u00e1 visto que Ribadeo produce novas municipais a esgalla. Como di o alcalde, aqu\u00ed trab\u00e1llase arreo. E a dem\u00e1is xente imitando ese traballo. O que parece raro \u00e9 que sigamos sen enterarnos de cousas aparentemente sinxelas como que se vai facer coas vidrieiras.<\/p>\n","protected":false},"excerpt":{"rendered":"<p>Leo que vai a haber revisi\u00f3n de horarios dos traballadores do concello &#8230; polos mesmos traballadores. En agosto do ano pasado (e antes) xurdira unha pol\u00e9mica pola esixencia de cumprimento de horario feita p\u00fablicamente por parte do alcalde (golpe na mesa e 2). Parece ser que lles dera varios toques de atenci\u00f3n, e logo pasou [&hellip;]<\/p>\n","protected":false},"author":3,"featured_media":0,"comment_status":"open","ping_status":"closed","sticky":false,"template":"","format":"standard","meta":{"activitypub_content_warning":"","activitypub_content_visibility":"","activitypub_max_image_attachments":3,"activitypub_interaction_policy_quote":"anyone","activitypub_status":"federated","footnotes":""},"categories":[1],"tags":[13],"class_list":["post-7649","post","type-post","status-publish","format-standard","hentry","category-sen-categoria","tag-politica"],"_links":{"self":[{"href":"https:\/\/blogs.amarinha.gal\/ribadeando\/wp-json\/wp\/v2\/posts\/7649","targetHints":{"allow":["GET"]}}],"collection":[{"href":"https:\/\/blogs.amarinha.gal\/ribadeando\/wp-json\/wp\/v2\/posts"}],"about":[{"href":"https:\/\/blogs.amarinha.gal\/ribadeando\/wp-json\/wp\/v2\/types\/post"}],"author":[{"embeddable":true,"href":"https:\/\/blogs.amarinha.gal\/ribadeando\/wp-json\/wp\/v2\/users\/3"}],"replies":[{"embeddable":true,"href":"https:\/\/blogs.amarinha.gal\/ribadeando\/wp-json\/wp\/v2\/comments?post=7649"}],"version-history":[{"count":0,"href":"https:\/\/blogs.amarinha.gal\/ribadeando\/wp-json\/wp\/v2\/posts\/7649\/revisions"}],"wp:attachment":[{"href":"https:\/\/blogs.amarinha.gal\/ribadeando\/wp-json\/wp\/v2\/media?parent=7649"}],"wp:term":[{"taxonomy":"category","embeddable":true,"href":"https:\/\/blogs.amarinha.gal\/ribadeando\/wp-json\/wp\/v2\/categories?post=7649"},{"taxonomy":"post_tag","embeddable":true,"href":"https:\/\/blogs.amarinha.gal\/ribadeando\/wp-json\/wp\/v2\/tags?post=7649"}],"curies":[{"name":"wp","href":"https:\/\/api.w.org\/{rel}","templated":true}]}}